{"id":14536,"date":"2024-06-13T12:48:29","date_gmt":"2024-06-13T10:48:29","guid":{"rendered":"https:\/\/oud.caravanrepair.eu\/?p=14536"},"modified":"2025-09-10T10:30:52","modified_gmt":"2025-09-10T08:30:52","slug":"reparacion-de-caravanas-belgica","status":"publish","type":"post","link":"https:\/\/oud.caravanrepair.eu\/es\/dealers-europa\/caravanrepair-belgie\/","title":{"rendered":"CaravanRepair B\u00e9lgica"},"content":{"rendered":"<div data-elementor-type=\"wp-post\" data-elementor-id=\"14536\" class=\"elementor elementor-14536\" data-elementor-post-type=\"post\">\n\t\t\t\t\t\t<section class=\"elementor-section elementor-top-section elementor-element elementor-element-394c8e8e elementor-section-boxed elementor-section-height-default elementor-section-height-default\" data-id=\"394c8e8e\" data-element_type=\"section\" data-e-type=\"section\">\n\t\t\t\t\t\t<div class=\"elementor-container elementor-column-gap-default\">\n\t\t\t\t\t<div class=\"elementor-column elementor-col-100 elementor-top-column elementor-element elementor-element-1c465ab4\" data-id=\"1c465ab4\" data-element_type=\"column\" data-e-type=\"column\">\n\t\t\t<div class=\"elementor-widget-wrap elementor-element-populated\">\n\t\t\t\t\t\t<div class=\"elementor-element elementor-element-26c8b0af elementor-widget elementor-widget-text-editor\" data-id=\"26c8b0af\" data-element_type=\"widget\" data-e-type=\"widget\" data-widget_type=\"text-editor.default\">\n\t\t\t\t<div class=\"elementor-widget-container\">\n\t\t\t\t\t\t\t\t\t<h2>CaravanRepair: Los profesionales en la reparaci\u00f3n de da\u00f1os en caravanas y autocaravanas en B\u00e9lgica<\/h2><p>Como orgulloso propietario de una caravana o autocaravana (camper), naturalmente desea que su veh\u00edculo se mantenga en \u00f3ptimas condiciones. Desafortunadamente, los da\u00f1os pueden ocurrir por diversas causas, como accidentes, condiciones clim\u00e1ticas o desgaste. En tales casos, es esencial contar con un socio confiable y con experiencia para la reparaci\u00f3n profesional de da\u00f1os. En B\u00e9lgica, CaravanRepair es el especialista en reparaci\u00f3n de da\u00f1os en caravanas y autocaravanas (camper).<\/p><h3>\u00bfPor qu\u00e9 CaravanRepair?<\/h3><p>CaravanRepair se distingue por una serie de factores importantes:<\/p><ul><li>A\u00f1os de experiencia en reparaci\u00f3n de diversos tipos de desperfectos en caravanas y autocaravanas (campers)<\/li><li>Uso de materiales de alta calidad y t\u00e9cnicas avanzadas.<\/li><li>Servicio r\u00e1pido y eficiente<\/li><li>Empleados expertos que piensan junto a usted<\/li><li>una buena red de distribuidores en cualquier lugar de B\u00e9lgica<\/li><\/ul><h3>Da\u00f1os que repara CaravanRepair<\/h3><p>Ya sea que se trate de una peque\u00f1a abolladura o de un da\u00f1o mayor, CaravanRepair tiene el conocimiento y la experiencia para que su caravana o casa rodante (camper) vuelva a estar en \u00f3ptimas condiciones. Algunos da\u00f1os comunes que reparamos son:<\/p><ul><li>da\u00f1os ocasionados por granizo\u00a0<\/li><li>Abolladuras y rayones en el revestimiento.<\/li><li>da\u00f1os causados por colisiones<\/li><li>Da\u00f1o de la tormenta<\/li><li>Fugas y da\u00f1os por humedad.<\/li><li>Da\u00f1os al interior\u00a0<\/li><\/ul><h3>Garantice la reparaci\u00f3n oportuna de da\u00f1os en CaravanRepair Belgium<\/h3><p>Es tentador posponer los da\u00f1os menores por un tiempo, pero en realidad esto puede causar m\u00e1s problemas a largo plazo. Al hacer que CaravanRepair repare los da\u00f1os a tiempo, usted se beneficiar\u00e1 de nuestra experiencia.<\/p><ul><li>prevenir cosas peores: los da\u00f1os menores pueden convertirse r\u00e1pidamente en problemas mayores<\/li><li>Mantiene el valor de tu caravana o autocaravana (camper)<\/li><li>Aumenta tu seguridad en la carretera<\/li><\/ul><h3>Concierte una cita inmediatamente, nosotros nos encargaremos de arreglar los da\u00f1os.<\/h3><p>No esperes m\u00e1s y haz reparar tu caravana o autocaravana (camper) por los profesionales de CaravanRepair. Aprovecha nuestra experiencia en reparaci\u00f3n de desperfectos.<\/p><h3>\u00a1Tomar medidas ahora!<\/h3><p>Visite el sitio web de CaravanRepair para obtener m\u00e1s informaci\u00f3n o <a href=\"https:\/\/oud.caravanrepair.eu\/es\/dano-de-la-caravana-3\/\" target=\"_blank\" rel=\"noopener\"><em>Consulte tambi\u00e9n nuestra p\u00e1gina principal sobre da\u00f1os en autocaravanas para obtener m\u00e1s informaci\u00f3n sobre casos de da\u00f1os espec\u00edficos. <\/em><\/a>\u00a0y concierte una cita para la reparaci\u00f3n de da\u00f1os. Con CaravanRepair, puede estar seguro de que su querida caravana o autocaravana (camper) est\u00e1 en buenas manos.<\/p><p><em><a href=\"https:\/\/oud.caravanrepair.eu\/es\/contacto-2\/\" target=\"_blank\" rel=\"noopener\">\u00a1Complete el formulario de inmediato para que podamos comenzar por usted!<\/a><\/em><\/p>\t\t\t\t\t\t\t\t<\/div>\n\t\t\t\t<\/div>\n\t\t\t\t<div class=\"elementor-element elementor-element-6c1c49da elementor-widget elementor-widget-global elementor-global-8511 elementor-widget-button\" data-id=\"6c1c49da\" data-element_type=\"widget\" data-e-type=\"widget\" data-widget_type=\"button.default\">\n\t\t\t\t<div class=\"elementor-widget-container\">\n\t\t\t\t\t\t\t\t\t<div class=\"elementor-button-wrapper\">\n\t\t\t\t\t<a class=\"elementor-button elementor-button-link elementor-size-sm\" href=\"https:\/\/oud.caravanrepair.eu\/es\/formulario-de-danos\/\">\n\t\t\t\t\t\t<span class=\"elementor-button-content-wrapper\">\n\t\t\t\t\t\t\t\t\t<span class=\"elementor-button-text\">\u00a1Haga clic aqu\u00ed para informar da\u00f1os inmediatamente!<\/span>\n\t\t\t\t\t<\/span>\n\t\t\t\t\t<\/a>\n\t\t\t\t<\/div>\n\t\t\t\t\t\t\t\t<\/div>\n\t\t\t\t<\/div>\n\t\t\t\t\t<\/div>\n\t\t<\/div>\n\t\t\t\t\t<\/div>\n\t\t<\/section>\n\t\t\t\t<\/div>","protected":false},"excerpt":{"rendered":"<p>CaravanRepair: Los profesionales en reparaci\u00f3n de da\u00f1os en caravanas y autocaravanas en B\u00e9lgica Como orgulloso propietario de una caravana o autocaravana (camper) que desea<\/p>","protected":false},"author":3,"featured_media":8861,"comment_status":"closed","ping_status":"closed","sticky":false,"template":"","format":"standard","meta":{"footnotes":""},"categories":[1793,1757],"tags":[],"class_list":["post-14536","post","type-post","status-publish","format-standard","has-post-thumbnail","hentry","category-belgie","category-dealers-europa"],"yoast_head":"<!-- This site is optimized with the Yoast SEO Premium plugin v27.5 (Yoast SEO v28.3) - https:\/\/yoast.com\/product\/yoast-seo-premium-wordpress\/ -->\n<title>CaravanRepair Belgi\u00eb<\/title>\n<meta name=\"description\" content=\"CaravanRepair Belgi\u00eb, D\u00e9 Profesionals in Caravan en Mobilhomes (Camper) Scahdeherstel voor heel Belgi\u00eb vertrouw op onze expertise en service\" \/>\n<meta name=\"robots\" content=\"noindex, follow, max-snippet:-1, max-image-preview:large, max-video-preview:-1\" \/>\n<meta property=\"og:locale\" content=\"es_ES\" \/>\n<meta property=\"og:type\" content=\"article\" \/>\n<meta property=\"og:title\" content=\"CaravanRepair Belgi\u00eb\" \/>\n<meta property=\"og:description\" content=\"CaravanRepair Belgi\u00eb, D\u00e9 Profesionals in Caravan en Mobilhomes (Camper) Scahdeherstel voor heel Belgi\u00eb vertrouw op onze expertise en service\" \/>\n<meta property=\"og:url\" content=\"https:\/\/oud.caravanrepair.eu\/es\/distribuidores-europa\/reparacion-de-caravanas-belgica\/\" \/>\n<meta property=\"og:site_name\" content=\"CaravanRepair\u00ae\" \/>\n<meta property=\"article:published_time\" content=\"2024-06-13T10:48:29+00:00\" \/>\n<meta property=\"article:modified_time\" content=\"2025-09-10T08:30:52+00:00\" \/>\n<meta property=\"og:image\" content=\"https:\/\/oud.caravanrepair.eu\/wp-content\/uploads\/2023\/11\/camper-van-on-road-near-hill-and-blue-sky-2.jpg\" \/>\n\t<meta property=\"og:image:width\" content=\"1920\" \/>\n\t<meta property=\"og:image:height\" content=\"1281\" \/>\n\t<meta property=\"og:image:type\" content=\"image\/jpeg\" \/>\n<meta name=\"author\" content=\"Harry\" \/>\n<meta name=\"twitter:card\" content=\"summary_large_image\" \/>\n<meta name=\"twitter:label1\" content=\"Escrito por\" \/>\n\t<meta name=\"twitter:data1\" content=\"Harry\" \/>\n\t<meta name=\"twitter:label2\" content=\"Tiempo de lectura\" \/>\n\t<meta name=\"twitter:data2\" content=\"2 minutos\" \/>\n<script type=\"application\/ld+json\" class=\"yoast-schema-graph\">{\"@context\":\"https:\\\/\\\/schema.org\",\"@graph\":[{\"@type\":\"Article\",\"@id\":\"https:\\\/\\\/oud.caravanrepair.eu\\\/dealers-europa\\\/caravanrepair-belgie\\\/#article\",\"isPartOf\":{\"@id\":\"https:\\\/\\\/oud.caravanrepair.eu\\\/dealers-europa\\\/caravanrepair-belgie\\\/\"},\"author\":{\"name\":\"Harry\",\"@id\":\"https:\\\/\\\/oud.caravanrepair.eu\\\/#\\\/schema\\\/person\\\/38a21c9e1495759df9c209470c43295c\"},\"headline\":\"CaravanRepair Belgi\u00eb\",\"datePublished\":\"2024-06-13T10:48:29+00:00\",\"dateModified\":\"2025-09-10T08:30:52+00:00\",\"mainEntityOfPage\":{\"@id\":\"https:\\\/\\\/oud.caravanrepair.eu\\\/dealers-europa\\\/caravanrepair-belgie\\\/\"},\"wordCount\":355,\"publisher\":{\"@id\":\"https:\\\/\\\/oud.caravanrepair.eu\\\/#organization\"},\"image\":{\"@id\":\"https:\\\/\\\/oud.caravanrepair.eu\\\/dealers-europa\\\/caravanrepair-belgie\\\/#primaryimage\"},\"thumbnailUrl\":\"https:\\\/\\\/oud.caravanrepair.eu\\\/wp-content\\\/uploads\\\/2023\\\/11\\\/camper-van-on-road-near-hill-and-blue-sky-2.jpg\",\"articleSection\":[\"Belgi\u00eb\",\"Dealers Europa\"],\"inLanguage\":\"es\"},{\"@type\":\"WebPage\",\"@id\":\"https:\\\/\\\/oud.caravanrepair.eu\\\/dealers-europa\\\/caravanrepair-belgie\\\/\",\"url\":\"https:\\\/\\\/oud.caravanrepair.eu\\\/dealers-europa\\\/caravanrepair-belgie\\\/\",\"name\":\"CaravanRepair Belgi\u00eb\",\"isPartOf\":{\"@id\":\"https:\\\/\\\/oud.caravanrepair.eu\\\/#website\"},\"primaryImageOfPage\":{\"@id\":\"https:\\\/\\\/oud.caravanrepair.eu\\\/dealers-europa\\\/caravanrepair-belgie\\\/#primaryimage\"},\"image\":{\"@id\":\"https:\\\/\\\/oud.caravanrepair.eu\\\/dealers-europa\\\/caravanrepair-belgie\\\/#primaryimage\"},\"thumbnailUrl\":\"https:\\\/\\\/oud.caravanrepair.eu\\\/wp-content\\\/uploads\\\/2023\\\/11\\\/camper-van-on-road-near-hill-and-blue-sky-2.jpg\",\"datePublished\":\"2024-06-13T10:48:29+00:00\",\"dateModified\":\"2025-09-10T08:30:52+00:00\",\"description\":\"CaravanRepair Belgi\u00eb, D\u00e9 Profesionals in Caravan en Mobilhomes (Camper) Scahdeherstel voor heel Belgi\u00eb vertrouw op onze expertise en service\",\"breadcrumb\":{\"@id\":\"https:\\\/\\\/oud.caravanrepair.eu\\\/dealers-europa\\\/caravanrepair-belgie\\\/#breadcrumb\"},\"inLanguage\":\"es\",\"potentialAction\":[{\"@type\":\"ReadAction\",\"target\":[\"https:\\\/\\\/oud.caravanrepair.eu\\\/dealers-europa\\\/caravanrepair-belgie\\\/\"]}]},{\"@type\":\"ImageObject\",\"inLanguage\":\"es\",\"@id\":\"https:\\\/\\\/oud.caravanrepair.eu\\\/dealers-europa\\\/caravanrepair-belgie\\\/#primaryimage\",\"url\":\"https:\\\/\\\/oud.caravanrepair.eu\\\/wp-content\\\/uploads\\\/2023\\\/11\\\/camper-van-on-road-near-hill-and-blue-sky-2.jpg\",\"contentUrl\":\"https:\\\/\\\/oud.caravanrepair.eu\\\/wp-content\\\/uploads\\\/2023\\\/11\\\/camper-van-on-road-near-hill-and-blue-sky-2.jpg\",\"width\":1920,\"height\":1281,\"caption\":\"camper van on road near hill and blue sky\"},{\"@type\":\"BreadcrumbList\",\"@id\":\"https:\\\/\\\/oud.caravanrepair.eu\\\/dealers-europa\\\/caravanrepair-belgie\\\/#breadcrumb\",\"itemListElement\":[{\"@type\":\"ListItem\",\"position\":1,\"name\":\"Home\",\"item\":\"https:\\\/\\\/oud.caravanrepair.eu\\\/\"},{\"@type\":\"ListItem\",\"position\":2,\"name\":\"Dealers Europa\",\"item\":\"https:\\\/\\\/oud.caravanrepair.eu\\\/pl\\\/kategoria\\\/dealerzy-w-europie\\\/\"},{\"@type\":\"ListItem\",\"position\":3,\"name\":\"Belgi\u00eb\",\"item\":\"https:\\\/\\\/oud.caravanrepair.eu\\\/category\\\/dealers-europa\\\/belgie\\\/\"},{\"@type\":\"ListItem\",\"position\":4,\"name\":\"CaravanRepair Belgi\u00eb\"}]},{\"@type\":\"WebSite\",\"@id\":\"https:\\\/\\\/oud.caravanrepair.eu\\\/#website\",\"url\":\"https:\\\/\\\/oud.caravanrepair.eu\\\/\",\"name\":\"CaravanRepair\u00ae\",\"description\":\"Professioneel schadeherstel voor caravan en camper\",\"publisher\":{\"@id\":\"https:\\\/\\\/oud.caravanrepair.eu\\\/#organization\"},\"potentialAction\":[{\"@type\":\"SearchAction\",\"target\":{\"@type\":\"EntryPoint\",\"urlTemplate\":\"https:\\\/\\\/oud.caravanrepair.eu\\\/?s={search_term_string}\"},\"query-input\":{\"@type\":\"PropertyValueSpecification\",\"valueRequired\":true,\"valueName\":\"search_term_string\"}}],\"inLanguage\":\"es\"},{\"@type\":\"Organization\",\"@id\":\"https:\\\/\\\/oud.caravanrepair.eu\\\/#organization\",\"name\":\"CaravanRepair\u00ae\",\"url\":\"https:\\\/\\\/oud.caravanrepair.eu\\\/\",\"logo\":{\"@type\":\"ImageObject\",\"inLanguage\":\"es\",\"@id\":\"https:\\\/\\\/oud.caravanrepair.eu\\\/#\\\/schema\\\/logo\\\/image\\\/\",\"url\":\"https:\\\/\\\/oud.caravanrepair.eu\\\/wp-content\\\/uploads\\\/2019\\\/01\\\/logo-caravanrepair.png\",\"contentUrl\":\"https:\\\/\\\/oud.caravanrepair.eu\\\/wp-content\\\/uploads\\\/2019\\\/01\\\/logo-caravanrepair.png\",\"width\":353,\"height\":150,\"caption\":\"CaravanRepair\u00ae\"},\"image\":{\"@id\":\"https:\\\/\\\/oud.caravanrepair.eu\\\/#\\\/schema\\\/logo\\\/image\\\/\"}},{\"@type\":\"Person\",\"@id\":\"https:\\\/\\\/oud.caravanrepair.eu\\\/#\\\/schema\\\/person\\\/38a21c9e1495759df9c209470c43295c\",\"name\":\"Harry\"}]}<\/script>\n<!-- \/ Yoast SEO Premium plugin. -->","yoast_head_json":{"title":"CaravanRepair B\u00e9lgica","description":"CaravanRepair Belgium, Los profesionales de la reparaci\u00f3n de da\u00f1os en caravanas y mobilhomes (Camper) para toda B\u00e9lgica conf\u00edan en nuestra experiencia y servicio.","robots":{"index":"noindex","follow":"follow","max-snippet":"max-snippet:-1","max-image-preview":"max-image-preview:large","max-video-preview":"max-video-preview:-1"},"og_locale":"es_ES","og_type":"article","og_title":"CaravanRepair Belgi\u00eb","og_description":"CaravanRepair Belgi\u00eb, D\u00e9 Profesionals in Caravan en Mobilhomes (Camper) Scahdeherstel voor heel Belgi\u00eb vertrouw op onze expertise en service","og_url":"https:\/\/oud.caravanrepair.eu\/es\/distribuidores-europa\/reparacion-de-caravanas-belgica\/","og_site_name":"CaravanRepair\u00ae","article_published_time":"2024-06-13T10:48:29+00:00","article_modified_time":"2025-09-10T08:30:52+00:00","og_image":[{"width":1920,"height":1281,"url":"https:\/\/oud.caravanrepair.eu\/wp-content\/uploads\/2023\/11\/camper-van-on-road-near-hill-and-blue-sky-2.jpg","type":"image\/jpeg"}],"author":"Harry","twitter_card":"summary_large_image","twitter_misc":{"Escrito por":"Harry","Tiempo de lectura":"2 minutos"},"schema":{"@context":"https:\/\/schema.org","@graph":[{"@type":"Article","@id":"https:\/\/oud.caravanrepair.eu\/dealers-europa\/caravanrepair-belgie\/#article","isPartOf":{"@id":"https:\/\/oud.caravanrepair.eu\/dealers-europa\/caravanrepair-belgie\/"},"author":{"name":"Harry","@id":"https:\/\/oud.caravanrepair.eu\/#\/schema\/person\/38a21c9e1495759df9c209470c43295c"},"headline":"CaravanRepair Belgi\u00eb","datePublished":"2024-06-13T10:48:29+00:00","dateModified":"2025-09-10T08:30:52+00:00","mainEntityOfPage":{"@id":"https:\/\/oud.caravanrepair.eu\/dealers-europa\/caravanrepair-belgie\/"},"wordCount":355,"publisher":{"@id":"https:\/\/oud.caravanrepair.eu\/#organization"},"image":{"@id":"https:\/\/oud.caravanrepair.eu\/dealers-europa\/caravanrepair-belgie\/#primaryimage"},"thumbnailUrl":"https:\/\/oud.caravanrepair.eu\/wp-content\/uploads\/2023\/11\/camper-van-on-road-near-hill-and-blue-sky-2.jpg","articleSection":["Belgi\u00eb","Dealers Europa"],"inLanguage":"es"},{"@type":"WebPage","@id":"https:\/\/oud.caravanrepair.eu\/dealers-europa\/caravanrepair-belgie\/","url":"https:\/\/oud.caravanrepair.eu\/dealers-europa\/caravanrepair-belgie\/","name":"CaravanRepair B\u00e9lgica","isPartOf":{"@id":"https:\/\/oud.caravanrepair.eu\/#website"},"primaryImageOfPage":{"@id":"https:\/\/oud.caravanrepair.eu\/dealers-europa\/caravanrepair-belgie\/#primaryimage"},"image":{"@id":"https:\/\/oud.caravanrepair.eu\/dealers-europa\/caravanrepair-belgie\/#primaryimage"},"thumbnailUrl":"https:\/\/oud.caravanrepair.eu\/wp-content\/uploads\/2023\/11\/camper-van-on-road-near-hill-and-blue-sky-2.jpg","datePublished":"2024-06-13T10:48:29+00:00","dateModified":"2025-09-10T08:30:52+00:00","description":"CaravanRepair Belgium, Los profesionales de la reparaci\u00f3n de da\u00f1os en caravanas y mobilhomes (Camper) para toda B\u00e9lgica conf\u00edan en nuestra experiencia y servicio.","breadcrumb":{"@id":"https:\/\/oud.caravanrepair.eu\/dealers-europa\/caravanrepair-belgie\/#breadcrumb"},"inLanguage":"es","potentialAction":[{"@type":"ReadAction","target":["https:\/\/oud.caravanrepair.eu\/dealers-europa\/caravanrepair-belgie\/"]}]},{"@type":"ImageObject","inLanguage":"es","@id":"https:\/\/oud.caravanrepair.eu\/dealers-europa\/caravanrepair-belgie\/#primaryimage","url":"https:\/\/oud.caravanrepair.eu\/wp-content\/uploads\/2023\/11\/camper-van-on-road-near-hill-and-blue-sky-2.jpg","contentUrl":"https:\/\/oud.caravanrepair.eu\/wp-content\/uploads\/2023\/11\/camper-van-on-road-near-hill-and-blue-sky-2.jpg","width":1920,"height":1281,"caption":"camper van on road near hill and blue sky"},{"@type":"BreadcrumbList","@id":"https:\/\/oud.caravanrepair.eu\/dealers-europa\/caravanrepair-belgie\/#breadcrumb","itemListElement":[{"@type":"ListItem","position":1,"name":"Home","item":"https:\/\/oud.caravanrepair.eu\/"},{"@type":"ListItem","position":2,"name":"Dealers Europa","item":"https:\/\/oud.caravanrepair.eu\/pl\/kategoria\/dealerzy-w-europie\/"},{"@type":"ListItem","position":3,"name":"Belgi\u00eb","item":"https:\/\/oud.caravanrepair.eu\/category\/dealers-europa\/belgie\/"},{"@type":"ListItem","position":4,"name":"CaravanRepair Belgi\u00eb"}]},{"@type":"WebSite","@id":"https:\/\/oud.caravanrepair.eu\/#website","url":"https:\/\/oud.caravanrepair.eu\/","name":"CaravanRepair\u00ae","description":"Reparaci\u00f3n profesional de da\u00f1os para caravanas y autocaravanas","publisher":{"@id":"https:\/\/oud.caravanrepair.eu\/#organization"},"potentialAction":[{"@type":"SearchAction","target":{"@type":"EntryPoint","urlTemplate":"https:\/\/oud.caravanrepair.eu\/?s={search_term_string}"},"query-input":{"@type":"PropertyValueSpecification","valueRequired":true,"valueName":"search_term_string"}}],"inLanguage":"es"},{"@type":"Organization","@id":"https:\/\/oud.caravanrepair.eu\/#organization","name":"CaravanRepair\u00ae","url":"https:\/\/oud.caravanrepair.eu\/","logo":{"@type":"ImageObject","inLanguage":"es","@id":"https:\/\/oud.caravanrepair.eu\/#\/schema\/logo\/image\/","url":"https:\/\/oud.caravanrepair.eu\/wp-content\/uploads\/2019\/01\/logo-caravanrepair.png","contentUrl":"https:\/\/oud.caravanrepair.eu\/wp-content\/uploads\/2019\/01\/logo-caravanrepair.png","width":353,"height":150,"caption":"CaravanRepair\u00ae"},"image":{"@id":"https:\/\/oud.caravanrepair.eu\/#\/schema\/logo\/image\/"}},{"@type":"Person","@id":"https:\/\/oud.caravanrepair.eu\/#\/schema\/person\/38a21c9e1495759df9c209470c43295c","name":"Harry"}]}},"_links":{"self":[{"href":"https:\/\/oud.caravanrepair.eu\/es\/wp-json\/wp\/v2\/posts\/14536","targetHints":{"allow":["GET"]}}],"collection":[{"href":"https:\/\/oud.caravanrepair.eu\/es\/wp-json\/wp\/v2\/posts"}],"about":[{"href":"https:\/\/oud.caravanrepair.eu\/es\/wp-json\/wp\/v2\/types\/post"}],"author":[{"embeddable":true,"href":"https:\/\/oud.caravanrepair.eu\/es\/wp-json\/wp\/v2\/users\/3"}],"replies":[{"embeddable":true,"href":"https:\/\/oud.caravanrepair.eu\/es\/wp-json\/wp\/v2\/comments?post=14536"}],"version-history":[{"count":0,"href":"https:\/\/oud.caravanrepair.eu\/es\/wp-json\/wp\/v2\/posts\/14536\/revisions"}],"wp:featuredmedia":[{"embeddable":true,"href":"https:\/\/oud.caravanrepair.eu\/es\/wp-json\/wp\/v2\/media\/8861"}],"wp:attachment":[{"href":"https:\/\/oud.caravanrepair.eu\/es\/wp-json\/wp\/v2\/media?parent=14536"}],"wp:term":[{"taxonomy":"category","embeddable":true,"href":"https:\/\/oud.caravanrepair.eu\/es\/wp-json\/wp\/v2\/categories?post=14536"},{"taxonomy":"post_tag","embeddable":true,"href":"https:\/\/oud.caravanrepair.eu\/es\/wp-json\/wp\/v2\/tags?post=14536"}],"curies":[{"name":"wp","href":"https:\/\/api.w.org\/{rel}","templated":true}]}}