{"id":20973,"date":"2025-05-08T11:11:27","date_gmt":"2025-05-08T09:11:27","guid":{"rendered":"https:\/\/oud.caravanrepair.eu\/?p=20973"},"modified":"2025-09-10T10:35:04","modified_gmt":"2025-09-10T08:35:04","slug":"convertirse-en-concesionario-de-reparaciones-de-caravanas-en-belgica","status":"publish","type":"post","link":"https:\/\/oud.caravanrepair.eu\/es\/dealers-europa\/dealer-worden-voor-caravanrepair-in-belgie\/","title":{"rendered":"Convertirse en distribuidor de CaravanRepair en B\u00e9lgica"},"content":{"rendered":"<div data-elementor-type=\"wp-post\" data-elementor-id=\"20973\" class=\"elementor elementor-20973\" data-elementor-post-type=\"post\">\n\t\t\t\t\t\t<section class=\"elementor-section elementor-top-section elementor-element elementor-element-7babbd63 elementor-section-content-middle elementor-reverse-mobile elementor-section-full_width elementor-section-height-default elementor-section-height-default\" data-id=\"7babbd63\" data-element_type=\"section\" data-e-type=\"section\">\n\t\t\t\t\t\t<div class=\"elementor-container elementor-column-gap-no\">\n\t\t\t\t\t<div class=\"elementor-column elementor-col-100 elementor-top-column elementor-element elementor-element-f42f0b6\" data-id=\"f42f0b6\" data-element_type=\"column\" data-e-type=\"column\">\n\t\t\t<div class=\"elementor-widget-wrap elementor-element-populated\">\n\t\t\t\t\t\t<div class=\"elementor-element elementor-element-ad1ea9 elementor-widget elementor-widget-heading\" data-id=\"ad1ea9\" data-element_type=\"widget\" data-e-type=\"widget\" data-widget_type=\"heading.default\">\n\t\t\t\t<div class=\"elementor-widget-container\">\n\t\t\t\t\t<h1 class=\"elementor-heading-title elementor-size-default\">Convertirse en distribuidor de CaravanRepair en B\u00e9lgica<\/h1>\t\t\t\t<\/div>\n\t\t\t\t<\/div>\n\t\t\t\t<div class=\"elementor-element elementor-element-e095f7a elementor-widget elementor-widget-heading\" data-id=\"e095f7a\" data-element_type=\"widget\" data-e-type=\"widget\" data-widget_type=\"heading.default\">\n\t\t\t\t<div class=\"elementor-widget-container\">\n\t\t\t\t\t<h3 class=\"elementor-heading-title elementor-size-default\">CaravanRepair Distribuidor en B\u00e9lgica: Reparaci\u00f3n de caravanas y autocaravanas da\u00f1adas\n<\/h3>\t\t\t\t<\/div>\n\t\t\t\t<\/div>\n\t\t\t\t<div class=\"elementor-element elementor-element-71982030 elementor-widget elementor-widget-text-editor\" data-id=\"71982030\" data-element_type=\"widget\" data-e-type=\"widget\" data-widget_type=\"text-editor.default\">\n\t\t\t\t<div class=\"elementor-widget-container\">\n\t\t\t\t\t\t\t\t\t<h3><strong><span style=\"font-weight: 400;\">\u00bfEs usted empresario en <\/span>B\u00e9lgica <span style=\"font-weight: 400;\">\u00bfY busca un socio fiable para la reparaci\u00f3n de da\u00f1os en caravanas?<\/span><\/strong><\/h3><p style=\"font-weight: 400;\">Debido a la creciente demanda de reparaciones especializadas de caravanas y autocaravanas, CaravanRepair busca nuevos socios en el sector de las caravanas y autocaravanas. CaravanRepair est\u00e1 especializada en la reparaci\u00f3n de da\u00f1os en caravanas y autocaravanas. Como distribuidor, usted se beneficia de nuestros a\u00f1os de experiencia y de nuestra excelente reputaci\u00f3n en la reparaci\u00f3n de da\u00f1os en caravanas.<\/p><h3><strong><span style=\"font-weight: 400;\">\u00bfQu\u00e9 le ofrece CaravanRepair como distribuidor de <\/span>B\u00e9lgica<span style=\"font-weight: 400;\">?<\/span><\/strong><\/h3><ul><li><strong>Servicios profesionales de reparaci\u00f3n de da\u00f1os:<\/strong> Nos aseguramos de que cualquier da\u00f1o sea reparado con rapidez y profesionalidad.<\/li><li style=\"font-weight: 400;\"><strong>Gesti\u00f3n de siniestros profesional y eficaz: <\/strong><\/li><li style=\"font-weight: 400;\">\u00a0Informes de siniestros r\u00e1pidos y precisos mediante una asignaci\u00f3n eficaz de las reparaciones, una comunicaci\u00f3n transparente con los clientes y una tramitaci\u00f3n adecuada de los siniestros. Ofrecemos una gesti\u00f3n profesional de los siniestros: as\u00ed tambi\u00e9n conseguir\u00e1 y dar\u00e1 la bienvenida a nuevos clientes para ofrecer sus servicios en B\u00e9lgica.<\/li><li><strong>A\u00f1os de experiencia:<\/strong> CaravanRepair es una empresa consolidada en el sector de las caravanas y autocaravanas.<\/li><li style=\"font-weight: 400;\"><strong>Fiabilidad<\/strong>: Los clientes de B\u00e9lgica conf\u00edan en nuestra calidad. Convi\u00e9rtase en socio y \u00fanase a nuestra exitosa red de distribuidores.<\/li><\/ul><p style=\"font-weight: 400;\">\u00a0<\/p>\t\t\t\t\t\t\t\t<\/div>\n\t\t\t\t<\/div>\n\t\t\t\t<div class=\"elementor-element elementor-element-6562e2c0 elementor-widget elementor-widget-image\" data-id=\"6562e2c0\" data-element_type=\"widget\" data-e-type=\"widget\" data-widget_type=\"image.default\">\n\t\t\t\t<div class=\"elementor-widget-container\">\n\t\t\t\t\t\t\t\t\t\t\t\t\t\t\t<img fetchpriority=\"high\" decoding=\"async\" width=\"1600\" height=\"1600\" src=\"https:\/\/oud.caravanrepair.eu\/wp-content\/uploads\/2024\/09\/Unknown-1-1.jpeg\" class=\"attachment-full size-full wp-image-16303\" alt=\"Convertirse en distribuidor de CaravanRepair en B\u00e9lgica\" srcset=\"https:\/\/oud.caravanrepair.eu\/wp-content\/uploads\/2024\/09\/Unknown-1-1-12x12.jpeg 12w, https:\/\/oud.caravanrepair.eu\/wp-content\/uploads\/2024\/09\/Unknown-1-1-66x66.jpeg 66w, https:\/\/oud.caravanrepair.eu\/wp-content\/uploads\/2024\/09\/Unknown-1-1-150x150.jpeg 150w, https:\/\/oud.caravanrepair.eu\/wp-content\/uploads\/2024\/09\/Unknown-1-1-200x200.jpeg 200w, https:\/\/oud.caravanrepair.eu\/wp-content\/uploads\/2024\/09\/Unknown-1-1-300x300.jpeg 300w, https:\/\/oud.caravanrepair.eu\/wp-content\/uploads\/2024\/09\/Unknown-1-1-400x400.jpeg 400w, https:\/\/oud.caravanrepair.eu\/wp-content\/uploads\/2024\/09\/Unknown-1-1-600x600.jpeg 600w, https:\/\/oud.caravanrepair.eu\/wp-content\/uploads\/2024\/09\/Unknown-1-1-768x768.jpeg 768w, https:\/\/oud.caravanrepair.eu\/wp-content\/uploads\/2024\/09\/Unknown-1-1-800x800.jpeg 800w, https:\/\/oud.caravanrepair.eu\/wp-content\/uploads\/2024\/09\/Unknown-1-1-1024x1024.jpeg 1024w, https:\/\/oud.caravanrepair.eu\/wp-content\/uploads\/2024\/09\/Unknown-1-1-1200x1200.jpeg 1200w, https:\/\/oud.caravanrepair.eu\/wp-content\/uploads\/2024\/09\/Unknown-1-1-1536x1536.jpeg 1536w, https:\/\/oud.caravanrepair.eu\/wp-content\/uploads\/2024\/09\/Unknown-1-1.jpeg 1600w\" sizes=\"(max-width: 1600px) 100vw, 1600px\" \/>\t\t\t\t\t\t\t\t\t\t\t\t\t\t\t<\/div>\n\t\t\t\t<\/div>\n\t\t\t\t<div class=\"elementor-element elementor-element-76b54531 elementor-widget elementor-widget-text-editor\" data-id=\"76b54531\" data-element_type=\"widget\" data-e-type=\"widget\" data-widget_type=\"text-editor.default\">\n\t\t\t\t<div class=\"elementor-widget-container\">\n\t\t\t\t\t\t\t\t\t<h3><strong>\u00bfEst\u00e1 listo para convertirse en nuestro distribuidor?<\/strong><\/h3><p><strong>P\u00f3ngase en contacto con nosotros<\/strong>\u00a0y descubra c\u00f3mo puede beneficiarse de ofrecer una reparaci\u00f3n de da\u00f1os de m\u00e1xima calidad para caravanas y autocaravanas en Turnhout.<\/p><p><b>Haga clic aqu\u00ed para acceder al formulario de contacto e inscribirse.<\/b><\/p>\t\t\t\t\t\t\t\t<\/div>\n\t\t\t\t<\/div>\n\t\t\t\t\t<\/div>\n\t\t<\/div>\n\t\t\t\t\t<\/div>\n\t\t<\/section>\n\t\t\t\t<section class=\"elementor-section elementor-top-section elementor-element elementor-element-f29f53c elementor-section-content-middle elementor-section-full_width elementor-section-height-default elementor-section-height-default\" data-id=\"f29f53c\" data-element_type=\"section\" data-e-type=\"section\" data-settings=\"{&quot;background_background&quot;:&quot;classic&quot;}\">\n\t\t\t\t\t\t\t<div class=\"elementor-background-overlay\"><\/div>\n\t\t\t\t\t\t\t<div class=\"elementor-container elementor-column-gap-no\">\n\t\t\t\t\t<div class=\"elementor-column elementor-col-100 elementor-top-column elementor-element elementor-element-53b86d5d\" data-id=\"53b86d5d\" data-element_type=\"column\" data-e-type=\"column\">\n\t\t\t<div class=\"elementor-widget-wrap elementor-element-populated\">\n\t\t\t\t\t\t<div class=\"elementor-element elementor-element-1864e33a elementor-widget elementor-widget-heading\" data-id=\"1864e33a\" data-element_type=\"widget\" data-e-type=\"widget\" data-widget_type=\"heading.default\">\n\t\t\t\t<div class=\"elementor-widget-container\">\n\t\t\t\t\t<h2 class=\"elementor-heading-title elementor-size-default\">\u00bfReportar da\u00f1os en caravana o autocaravana?<\/h2>\t\t\t\t<\/div>\n\t\t\t\t<\/div>\n\t\t\t\t<div class=\"elementor-element elementor-element-1e43865b elementor-widget elementor-widget-text-editor\" data-id=\"1e43865b\" data-element_type=\"widget\" data-e-type=\"widget\" data-widget_type=\"text-editor.default\">\n\t\t\t\t<div class=\"elementor-widget-container\">\n\t\t\t\t\t\t\t\t\t<p style=\"text-align: center;\">Si su caravana o autocaravana ha sufrido da\u00f1os, rellene el formulario de da\u00f1os online y nos pondremos en contacto con usted.<\/p>\t\t\t\t\t\t\t\t<\/div>\n\t\t\t\t<\/div>\n\t\t\t\t<div class=\"elementor-element elementor-element-64e3208f elementor-align-center elementor-mobile-align-left elementor-widget elementor-widget-button\" data-id=\"64e3208f\" data-element_type=\"widget\" data-e-type=\"widget\" data-widget_type=\"button.default\">\n\t\t\t\t<div class=\"elementor-widget-container\">\n\t\t\t\t\t\t\t\t\t<div class=\"elementor-button-wrapper\">\n\t\t\t\t\t<a class=\"elementor-button elementor-button-link elementor-size-sm elementor-animation-grow\" href=\"https:\/\/oud.caravanrepair.eu\/es\/formulario-de-danos\/\">\n\t\t\t\t\t\t<span class=\"elementor-button-content-wrapper\">\n\t\t\t\t\t\t\t\t\t<span class=\"elementor-button-text\">INFORMAR DA\u00d1OS<\/span>\n\t\t\t\t\t<\/span>\n\t\t\t\t\t<\/a>\n\t\t\t\t<\/div>\n\t\t\t\t\t\t\t\t<\/div>\n\t\t\t\t<\/div>\n\t\t\t\t\t<\/div>\n\t\t<\/div>\n\t\t\t\t\t<\/div>\n\t\t<\/section>\n\t\t\t\t<section class=\"elementor-section elementor-top-section elementor-element elementor-element-68cd1c62 elementor-section-full_width elementor-section-content-middle elementor-section-height-default elementor-section-height-default\" data-id=\"68cd1c62\" data-element_type=\"section\" data-e-type=\"section\">\n\t\t\t\t\t\t<div class=\"elementor-container elementor-column-gap-no\">\n\t\t\t\t\t<div class=\"elementor-column elementor-col-100 elementor-top-column elementor-element elementor-element-2f604b8e\" data-id=\"2f604b8e\" data-element_type=\"column\" data-e-type=\"column\">\n\t\t\t<div class=\"elementor-widget-wrap elementor-element-populated\">\n\t\t\t\t\t\t<div class=\"elementor-element elementor-element-54037c96 elementor-widget elementor-widget-text-editor\" data-id=\"54037c96\" data-element_type=\"widget\" data-e-type=\"widget\" data-widget_type=\"text-editor.default\">\n\t\t\t\t<div class=\"elementor-widget-container\">\n\t\t\t\t\t\t\t\t\t<p>\u00a0<\/p><p>\u00a0<\/p>\t\t\t\t\t\t\t\t<\/div>\n\t\t\t\t<\/div>\n\t\t\t\t\t<\/div>\n\t\t<\/div>\n\t\t\t\t\t<\/div>\n\t\t<\/section>\n\t\t\t\t<section class=\"elementor-section elementor-top-section elementor-element elementor-element-5c54cdb4 elementor-section-content-middle elementor-section-full_width elementor-section-height-default elementor-section-height-default\" data-id=\"5c54cdb4\" data-element_type=\"section\" data-e-type=\"section\" data-settings=\"{&quot;background_background&quot;:&quot;classic&quot;}\">\n\t\t\t\t\t\t\t<div class=\"elementor-background-overlay\"><\/div>\n\t\t\t\t\t\t\t<div class=\"elementor-container elementor-column-gap-no\">\n\t\t\t\t\t<div class=\"elementor-column elementor-col-50 elementor-top-column elementor-element elementor-element-42c378df\" data-id=\"42c378df\" data-element_type=\"column\" data-e-type=\"column\">\n\t\t\t<div class=\"elementor-widget-wrap elementor-element-populated\">\n\t\t\t\t\t\t<div class=\"elementor-element elementor-element-6858d419 elementor-widget elementor-widget-heading\" data-id=\"6858d419\" data-element_type=\"widget\" data-e-type=\"widget\" data-widget_type=\"heading.default\">\n\t\t\t\t<div class=\"elementor-widget-container\">\n\t\t\t\t\t<h2 class=\"elementor-heading-title elementor-size-default\">\u00bfBusca un reparador CaravanRepair\u00ae cerca de usted?<\/h2>\t\t\t\t<\/div>\n\t\t\t\t<\/div>\n\t\t\t\t<div class=\"elementor-element elementor-element-101e1413 elementor-widget elementor-widget-text-editor\" data-id=\"101e1413\" data-element_type=\"widget\" data-e-type=\"widget\" data-widget_type=\"text-editor.default\">\n\t\t\t\t<div class=\"elementor-widget-container\">\n\t\t\t\t\t\t\t\t\t<p>\u00a1Nuestros reparadores de da\u00f1os est\u00e1n activos en toda Europa!<\/p>\t\t\t\t\t\t\t\t<\/div>\n\t\t\t\t<\/div>\n\t\t\t\t\t<\/div>\n\t\t<\/div>\n\t\t\t\t<div class=\"elementor-column elementor-col-50 elementor-top-column elementor-element elementor-element-7db40dd6\" data-id=\"7db40dd6\" data-element_type=\"column\" data-e-type=\"column\">\n\t\t\t<div class=\"elementor-widget-wrap elementor-element-populated\">\n\t\t\t\t\t\t<div class=\"elementor-element elementor-element-4a443fcc elementor-align-center elementor-mobile-align-left elementor-widget elementor-widget-button\" data-id=\"4a443fcc\" data-element_type=\"widget\" data-e-type=\"widget\" data-widget_type=\"button.default\">\n\t\t\t\t<div class=\"elementor-widget-container\">\n\t\t\t\t\t\t\t\t\t<div class=\"elementor-button-wrapper\">\n\t\t\t\t\t<a class=\"elementor-button elementor-button-link elementor-size-sm elementor-animation-grow\" href=\"https:\/\/oud.caravanrepair.eu\/es\/distribuidores\/\">\n\t\t\t\t\t\t<span class=\"elementor-button-content-wrapper\">\n\t\t\t\t\t\t\t\t\t<span class=\"elementor-button-text\">Buscar ahora<\/span>\n\t\t\t\t\t<\/span>\n\t\t\t\t\t<\/a>\n\t\t\t\t<\/div>\n\t\t\t\t\t\t\t\t<\/div>\n\t\t\t\t<\/div>\n\t\t\t\t\t<\/div>\n\t\t<\/div>\n\t\t\t\t\t<\/div>\n\t\t<\/section>\n\t\t\t\t<\/div>","protected":false},"excerpt":{"rendered":"<p>Convertirse en distribuidor de CaravanRepair en B\u00e9lgica Distribuidor de CaravanRepair en B\u00e9lgica: Reparaci\u00f3n de caravanas y autocaravanas da\u00f1adas \u00bfEs usted un empresario en<\/p>","protected":false},"author":3,"featured_media":16563,"comment_status":"closed","ping_status":"closed","sticky":false,"template":"","format":"standard","meta":{"footnotes":""},"categories":[1757],"tags":[],"class_list":["post-20973","post","type-post","status-publish","format-standard","has-post-thumbnail","hentry","category-dealers-europa"],"yoast_head":"<!-- This site is optimized with the Yoast SEO Premium plugin v27.5 (Yoast SEO v28.3) - https:\/\/yoast.com\/product\/yoast-seo-premium-wordpress\/ -->\n<title>Dealer worden voor CaravanRepair in Belgi\u00eb<\/title>\n<meta name=\"description\" content=\"Word dealer voor CaravanRepair in Belgi\u00eb en profiteer van ons vakmanschap in schadeherstel voor caravans en campers in Turnhout.\" \/>\n<meta name=\"robots\" content=\"noindex, follow, max-snippet:-1, max-image-preview:large, max-video-preview:-1\" \/>\n<meta property=\"og:locale\" content=\"es_ES\" \/>\n<meta property=\"og:type\" content=\"article\" \/>\n<meta property=\"og:title\" content=\"Dealer worden voor CaravanRepair in Belgi\u00eb\" \/>\n<meta property=\"og:description\" content=\"Word dealer voor CaravanRepair in Belgi\u00eb en profiteer van ons vakmanschap in schadeherstel voor caravans en campers in Turnhout.\" \/>\n<meta property=\"og:url\" content=\"https:\/\/oud.caravanrepair.eu\/es\/distribuidores-europa\/convertirse-en-concesionario-de-reparaciones-de-caravanas-en-belgica\/\" \/>\n<meta property=\"og:site_name\" content=\"CaravanRepair\u00ae\" \/>\n<meta property=\"article:published_time\" content=\"2025-05-08T09:11:27+00:00\" \/>\n<meta property=\"article:modified_time\" content=\"2025-09-10T08:35:04+00:00\" \/>\n<meta property=\"og:image\" content=\"https:\/\/oud.caravanrepair.eu\/wp-content\/uploads\/2024\/10\/Fendt_Caravan_514ee9674efa3.jpg\" \/>\n\t<meta property=\"og:image:width\" content=\"1392\" \/>\n\t<meta property=\"og:image:height\" content=\"940\" \/>\n\t<meta property=\"og:image:type\" content=\"image\/jpeg\" \/>\n<meta name=\"author\" content=\"Harry\" \/>\n<meta name=\"twitter:card\" content=\"summary_large_image\" \/>\n<meta name=\"twitter:label1\" content=\"Escrito por\" \/>\n\t<meta name=\"twitter:data1\" content=\"Harry\" \/>\n\t<meta name=\"twitter:label2\" content=\"Tiempo de lectura\" \/>\n\t<meta name=\"twitter:data2\" content=\"2 minutos\" \/>\n<script type=\"application\/ld+json\" class=\"yoast-schema-graph\">{\"@context\":\"https:\\\/\\\/schema.org\",\"@graph\":[{\"@type\":\"Article\",\"@id\":\"https:\\\/\\\/oud.caravanrepair.eu\\\/dealers-europa\\\/dealer-worden-voor-caravanrepair-in-belgie\\\/#article\",\"isPartOf\":{\"@id\":\"https:\\\/\\\/oud.caravanrepair.eu\\\/dealers-europa\\\/dealer-worden-voor-caravanrepair-in-belgie\\\/\"},\"author\":{\"name\":\"Harry\",\"@id\":\"https:\\\/\\\/oud.caravanrepair.eu\\\/#\\\/schema\\\/person\\\/38a21c9e1495759df9c209470c43295c\"},\"headline\":\"Dealer worden voor CaravanRepair in Belgi\u00eb\",\"datePublished\":\"2025-05-08T09:11:27+00:00\",\"dateModified\":\"2025-09-10T08:35:04+00:00\",\"mainEntityOfPage\":{\"@id\":\"https:\\\/\\\/oud.caravanrepair.eu\\\/dealers-europa\\\/dealer-worden-voor-caravanrepair-in-belgie\\\/\"},\"wordCount\":276,\"publisher\":{\"@id\":\"https:\\\/\\\/oud.caravanrepair.eu\\\/#organization\"},\"image\":{\"@id\":\"https:\\\/\\\/oud.caravanrepair.eu\\\/dealers-europa\\\/dealer-worden-voor-caravanrepair-in-belgie\\\/#primaryimage\"},\"thumbnailUrl\":\"https:\\\/\\\/oud.caravanrepair.eu\\\/wp-content\\\/uploads\\\/2024\\\/10\\\/Fendt_Caravan_514ee9674efa3.jpg\",\"articleSection\":[\"Dealers Europa\"],\"inLanguage\":\"es\"},{\"@type\":\"WebPage\",\"@id\":\"https:\\\/\\\/oud.caravanrepair.eu\\\/dealers-europa\\\/dealer-worden-voor-caravanrepair-in-belgie\\\/\",\"url\":\"https:\\\/\\\/oud.caravanrepair.eu\\\/dealers-europa\\\/dealer-worden-voor-caravanrepair-in-belgie\\\/\",\"name\":\"Dealer worden voor CaravanRepair in Belgi\u00eb\",\"isPartOf\":{\"@id\":\"https:\\\/\\\/oud.caravanrepair.eu\\\/#website\"},\"primaryImageOfPage\":{\"@id\":\"https:\\\/\\\/oud.caravanrepair.eu\\\/dealers-europa\\\/dealer-worden-voor-caravanrepair-in-belgie\\\/#primaryimage\"},\"image\":{\"@id\":\"https:\\\/\\\/oud.caravanrepair.eu\\\/dealers-europa\\\/dealer-worden-voor-caravanrepair-in-belgie\\\/#primaryimage\"},\"thumbnailUrl\":\"https:\\\/\\\/oud.caravanrepair.eu\\\/wp-content\\\/uploads\\\/2024\\\/10\\\/Fendt_Caravan_514ee9674efa3.jpg\",\"datePublished\":\"2025-05-08T09:11:27+00:00\",\"dateModified\":\"2025-09-10T08:35:04+00:00\",\"description\":\"Word dealer voor CaravanRepair in Belgi\u00eb en profiteer van ons vakmanschap in schadeherstel voor caravans en campers in Turnhout.\",\"breadcrumb\":{\"@id\":\"https:\\\/\\\/oud.caravanrepair.eu\\\/dealers-europa\\\/dealer-worden-voor-caravanrepair-in-belgie\\\/#breadcrumb\"},\"inLanguage\":\"es\",\"potentialAction\":[{\"@type\":\"ReadAction\",\"target\":[\"https:\\\/\\\/oud.caravanrepair.eu\\\/dealers-europa\\\/dealer-worden-voor-caravanrepair-in-belgie\\\/\"]}]},{\"@type\":\"ImageObject\",\"inLanguage\":\"es\",\"@id\":\"https:\\\/\\\/oud.caravanrepair.eu\\\/dealers-europa\\\/dealer-worden-voor-caravanrepair-in-belgie\\\/#primaryimage\",\"url\":\"https:\\\/\\\/oud.caravanrepair.eu\\\/wp-content\\\/uploads\\\/2024\\\/10\\\/Fendt_Caravan_514ee9674efa3.jpg\",\"contentUrl\":\"https:\\\/\\\/oud.caravanrepair.eu\\\/wp-content\\\/uploads\\\/2024\\\/10\\\/Fendt_Caravan_514ee9674efa3.jpg\",\"width\":1392,\"height\":940,\"caption\":\"FAQ | CaravanRepair\"},{\"@type\":\"BreadcrumbList\",\"@id\":\"https:\\\/\\\/oud.caravanrepair.eu\\\/dealers-europa\\\/dealer-worden-voor-caravanrepair-in-belgie\\\/#breadcrumb\",\"itemListElement\":[{\"@type\":\"ListItem\",\"position\":1,\"name\":\"Home\",\"item\":\"https:\\\/\\\/oud.caravanrepair.eu\\\/\"},{\"@type\":\"ListItem\",\"position\":2,\"name\":\"Dealers Europa\",\"item\":\"https:\\\/\\\/oud.caravanrepair.eu\\\/pl\\\/kategoria\\\/dealerzy-w-europie\\\/\"},{\"@type\":\"ListItem\",\"position\":3,\"name\":\"Dealer worden voor CaravanRepair in Belgi\u00eb\"}]},{\"@type\":\"WebSite\",\"@id\":\"https:\\\/\\\/oud.caravanrepair.eu\\\/#website\",\"url\":\"https:\\\/\\\/oud.caravanrepair.eu\\\/\",\"name\":\"CaravanRepair\u00ae\",\"description\":\"Professioneel schadeherstel voor caravan en camper\",\"publisher\":{\"@id\":\"https:\\\/\\\/oud.caravanrepair.eu\\\/#organization\"},\"potentialAction\":[{\"@type\":\"SearchAction\",\"target\":{\"@type\":\"EntryPoint\",\"urlTemplate\":\"https:\\\/\\\/oud.caravanrepair.eu\\\/?s={search_term_string}\"},\"query-input\":{\"@type\":\"PropertyValueSpecification\",\"valueRequired\":true,\"valueName\":\"search_term_string\"}}],\"inLanguage\":\"es\"},{\"@type\":\"Organization\",\"@id\":\"https:\\\/\\\/oud.caravanrepair.eu\\\/#organization\",\"name\":\"CaravanRepair\u00ae\",\"url\":\"https:\\\/\\\/oud.caravanrepair.eu\\\/\",\"logo\":{\"@type\":\"ImageObject\",\"inLanguage\":\"es\",\"@id\":\"https:\\\/\\\/oud.caravanrepair.eu\\\/#\\\/schema\\\/logo\\\/image\\\/\",\"url\":\"https:\\\/\\\/oud.caravanrepair.eu\\\/wp-content\\\/uploads\\\/2019\\\/01\\\/logo-caravanrepair.png\",\"contentUrl\":\"https:\\\/\\\/oud.caravanrepair.eu\\\/wp-content\\\/uploads\\\/2019\\\/01\\\/logo-caravanrepair.png\",\"width\":353,\"height\":150,\"caption\":\"CaravanRepair\u00ae\"},\"image\":{\"@id\":\"https:\\\/\\\/oud.caravanrepair.eu\\\/#\\\/schema\\\/logo\\\/image\\\/\"}},{\"@type\":\"Person\",\"@id\":\"https:\\\/\\\/oud.caravanrepair.eu\\\/#\\\/schema\\\/person\\\/38a21c9e1495759df9c209470c43295c\",\"name\":\"Harry\"}]}<\/script>\n<!-- \/ Yoast SEO Premium plugin. -->","yoast_head_json":{"title":"Convertirse en distribuidor de CaravanRepair en B\u00e9lgica","description":"Convi\u00e9rtase en distribuidor de CaravanRepair en B\u00e9lgica y benef\u00edciese de nuestra experiencia en reparaci\u00f3n de da\u00f1os para caravanas y autocaravanas en Turnhout.","robots":{"index":"noindex","follow":"follow","max-snippet":"max-snippet:-1","max-image-preview":"max-image-preview:large","max-video-preview":"max-video-preview:-1"},"og_locale":"es_ES","og_type":"article","og_title":"Dealer worden voor CaravanRepair in Belgi\u00eb","og_description":"Word dealer voor CaravanRepair in Belgi\u00eb en profiteer van ons vakmanschap in schadeherstel voor caravans en campers in Turnhout.","og_url":"https:\/\/oud.caravanrepair.eu\/es\/distribuidores-europa\/convertirse-en-concesionario-de-reparaciones-de-caravanas-en-belgica\/","og_site_name":"CaravanRepair\u00ae","article_published_time":"2025-05-08T09:11:27+00:00","article_modified_time":"2025-09-10T08:35:04+00:00","og_image":[{"width":1392,"height":940,"url":"https:\/\/oud.caravanrepair.eu\/wp-content\/uploads\/2024\/10\/Fendt_Caravan_514ee9674efa3.jpg","type":"image\/jpeg"}],"author":"Harry","twitter_card":"summary_large_image","twitter_misc":{"Escrito por":"Harry","Tiempo de lectura":"2 minutos"},"schema":{"@context":"https:\/\/schema.org","@graph":[{"@type":"Article","@id":"https:\/\/oud.caravanrepair.eu\/dealers-europa\/dealer-worden-voor-caravanrepair-in-belgie\/#article","isPartOf":{"@id":"https:\/\/oud.caravanrepair.eu\/dealers-europa\/dealer-worden-voor-caravanrepair-in-belgie\/"},"author":{"name":"Harry","@id":"https:\/\/oud.caravanrepair.eu\/#\/schema\/person\/38a21c9e1495759df9c209470c43295c"},"headline":"Dealer worden voor CaravanRepair in Belgi\u00eb","datePublished":"2025-05-08T09:11:27+00:00","dateModified":"2025-09-10T08:35:04+00:00","mainEntityOfPage":{"@id":"https:\/\/oud.caravanrepair.eu\/dealers-europa\/dealer-worden-voor-caravanrepair-in-belgie\/"},"wordCount":276,"publisher":{"@id":"https:\/\/oud.caravanrepair.eu\/#organization"},"image":{"@id":"https:\/\/oud.caravanrepair.eu\/dealers-europa\/dealer-worden-voor-caravanrepair-in-belgie\/#primaryimage"},"thumbnailUrl":"https:\/\/oud.caravanrepair.eu\/wp-content\/uploads\/2024\/10\/Fendt_Caravan_514ee9674efa3.jpg","articleSection":["Dealers Europa"],"inLanguage":"es"},{"@type":"WebPage","@id":"https:\/\/oud.caravanrepair.eu\/dealers-europa\/dealer-worden-voor-caravanrepair-in-belgie\/","url":"https:\/\/oud.caravanrepair.eu\/dealers-europa\/dealer-worden-voor-caravanrepair-in-belgie\/","name":"Convertirse en distribuidor de CaravanRepair en B\u00e9lgica","isPartOf":{"@id":"https:\/\/oud.caravanrepair.eu\/#website"},"primaryImageOfPage":{"@id":"https:\/\/oud.caravanrepair.eu\/dealers-europa\/dealer-worden-voor-caravanrepair-in-belgie\/#primaryimage"},"image":{"@id":"https:\/\/oud.caravanrepair.eu\/dealers-europa\/dealer-worden-voor-caravanrepair-in-belgie\/#primaryimage"},"thumbnailUrl":"https:\/\/oud.caravanrepair.eu\/wp-content\/uploads\/2024\/10\/Fendt_Caravan_514ee9674efa3.jpg","datePublished":"2025-05-08T09:11:27+00:00","dateModified":"2025-09-10T08:35:04+00:00","description":"Convi\u00e9rtase en distribuidor de CaravanRepair en B\u00e9lgica y benef\u00edciese de nuestra experiencia en reparaci\u00f3n de da\u00f1os para caravanas y autocaravanas en Turnhout.","breadcrumb":{"@id":"https:\/\/oud.caravanrepair.eu\/dealers-europa\/dealer-worden-voor-caravanrepair-in-belgie\/#breadcrumb"},"inLanguage":"es","potentialAction":[{"@type":"ReadAction","target":["https:\/\/oud.caravanrepair.eu\/dealers-europa\/dealer-worden-voor-caravanrepair-in-belgie\/"]}]},{"@type":"ImageObject","inLanguage":"es","@id":"https:\/\/oud.caravanrepair.eu\/dealers-europa\/dealer-worden-voor-caravanrepair-in-belgie\/#primaryimage","url":"https:\/\/oud.caravanrepair.eu\/wp-content\/uploads\/2024\/10\/Fendt_Caravan_514ee9674efa3.jpg","contentUrl":"https:\/\/oud.caravanrepair.eu\/wp-content\/uploads\/2024\/10\/Fendt_Caravan_514ee9674efa3.jpg","width":1392,"height":940,"caption":"FAQ | CaravanRepair"},{"@type":"BreadcrumbList","@id":"https:\/\/oud.caravanrepair.eu\/dealers-europa\/dealer-worden-voor-caravanrepair-in-belgie\/#breadcrumb","itemListElement":[{"@type":"ListItem","position":1,"name":"Home","item":"https:\/\/oud.caravanrepair.eu\/"},{"@type":"ListItem","position":2,"name":"Dealers Europa","item":"https:\/\/oud.caravanrepair.eu\/pl\/kategoria\/dealerzy-w-europie\/"},{"@type":"ListItem","position":3,"name":"Dealer worden voor CaravanRepair in Belgi\u00eb"}]},{"@type":"WebSite","@id":"https:\/\/oud.caravanrepair.eu\/#website","url":"https:\/\/oud.caravanrepair.eu\/","name":"CaravanRepair\u00ae","description":"Reparaci\u00f3n profesional de da\u00f1os para caravanas y autocaravanas","publisher":{"@id":"https:\/\/oud.caravanrepair.eu\/#organization"},"potentialAction":[{"@type":"SearchAction","target":{"@type":"EntryPoint","urlTemplate":"https:\/\/oud.caravanrepair.eu\/?s={search_term_string}"},"query-input":{"@type":"PropertyValueSpecification","valueRequired":true,"valueName":"search_term_string"}}],"inLanguage":"es"},{"@type":"Organization","@id":"https:\/\/oud.caravanrepair.eu\/#organization","name":"CaravanRepair\u00ae","url":"https:\/\/oud.caravanrepair.eu\/","logo":{"@type":"ImageObject","inLanguage":"es","@id":"https:\/\/oud.caravanrepair.eu\/#\/schema\/logo\/image\/","url":"https:\/\/oud.caravanrepair.eu\/wp-content\/uploads\/2019\/01\/logo-caravanrepair.png","contentUrl":"https:\/\/oud.caravanrepair.eu\/wp-content\/uploads\/2019\/01\/logo-caravanrepair.png","width":353,"height":150,"caption":"CaravanRepair\u00ae"},"image":{"@id":"https:\/\/oud.caravanrepair.eu\/#\/schema\/logo\/image\/"}},{"@type":"Person","@id":"https:\/\/oud.caravanrepair.eu\/#\/schema\/person\/38a21c9e1495759df9c209470c43295c","name":"Harry"}]}},"_links":{"self":[{"href":"https:\/\/oud.caravanrepair.eu\/es\/wp-json\/wp\/v2\/posts\/20973","targetHints":{"allow":["GET"]}}],"collection":[{"href":"https:\/\/oud.caravanrepair.eu\/es\/wp-json\/wp\/v2\/posts"}],"about":[{"href":"https:\/\/oud.caravanrepair.eu\/es\/wp-json\/wp\/v2\/types\/post"}],"author":[{"embeddable":true,"href":"https:\/\/oud.caravanrepair.eu\/es\/wp-json\/wp\/v2\/users\/3"}],"replies":[{"embeddable":true,"href":"https:\/\/oud.caravanrepair.eu\/es\/wp-json\/wp\/v2\/comments?post=20973"}],"version-history":[{"count":0,"href":"https:\/\/oud.caravanrepair.eu\/es\/wp-json\/wp\/v2\/posts\/20973\/revisions"}],"wp:featuredmedia":[{"embeddable":true,"href":"https:\/\/oud.caravanrepair.eu\/es\/wp-json\/wp\/v2\/media\/16563"}],"wp:attachment":[{"href":"https:\/\/oud.caravanrepair.eu\/es\/wp-json\/wp\/v2\/media?parent=20973"}],"wp:term":[{"taxonomy":"category","embeddable":true,"href":"https:\/\/oud.caravanrepair.eu\/es\/wp-json\/wp\/v2\/categories?post=20973"},{"taxonomy":"post_tag","embeddable":true,"href":"https:\/\/oud.caravanrepair.eu\/es\/wp-json\/wp\/v2\/tags?post=20973"}],"curies":[{"name":"wp","href":"https:\/\/api.w.org\/{rel}","templated":true}]}}