{"id":8525,"date":"2023-10-03T18:40:39","date_gmt":"2023-10-03T16:40:39","guid":{"rendered":"https:\/\/oud.caravanrepair.eu\/?p=8525"},"modified":"2025-09-10T11:10:36","modified_gmt":"2025-09-10T09:10:36","slug":"danos-por-tormenta-en-su-autocaravana-o-caravana","status":"publish","type":"post","link":"https:\/\/oud.caravanrepair.eu\/es\/schade-aan-camper-of-caravan\/stormschade-aan-uw-caravan-of-camper\/","title":{"rendered":"\u00bfDa\u00f1os por tormentas en su caravana o autocaravana?"},"content":{"rendered":"<div data-elementor-type=\"wp-post\" data-elementor-id=\"8525\" class=\"elementor elementor-8525\" data-elementor-post-type=\"post\">\n\t\t\t\t\t\t<section class=\"elementor-section elementor-top-section elementor-element elementor-element-8c36217 elementor-section-boxed elementor-section-height-default elementor-section-height-default\" data-id=\"8c36217\" data-element_type=\"section\" data-e-type=\"section\">\n\t\t\t\t\t\t<div class=\"elementor-container elementor-column-gap-default\">\n\t\t\t\t\t<div class=\"elementor-column elementor-col-100 elementor-top-column elementor-element elementor-element-08a8a9c\" data-id=\"08a8a9c\" data-element_type=\"column\" data-e-type=\"column\">\n\t\t\t<div class=\"elementor-widget-wrap elementor-element-populated\">\n\t\t\t\t\t\t<div class=\"elementor-element elementor-element-d53f82f elementor-widget elementor-widget-text-editor\" data-id=\"d53f82f\" data-element_type=\"widget\" data-e-type=\"widget\" data-widget_type=\"text-editor.default\">\n\t\t\t\t<div class=\"elementor-widget-container\">\n\t\t\t\t\t\t\t\t\t<h1><strong>Da\u00f1os por tormentas en caravanas o autocaravanas: CaravanRepair ayuda de inmediato.<\/strong><\/h1><p>Una tormenta no s\u00f3lo puede causar da\u00f1os f\u00edsicos a su caravana, sino que tambi\u00e9n puede afectar su valor. Sin embargo, una caravana bien reparada conserva su valor mejor que una caravana con signos visibles de da\u00f1os. En este blog analizamos la importancia de la recuperaci\u00f3n profesional despu\u00e9s de los da\u00f1os de una tormenta y c\u00f3mo CaravanRepair puede ayudarle con esto.<\/p><h3><strong>El impacto de los da\u00f1os de las tormentas en el valor<\/strong><\/h3><p>Cualquier da\u00f1o a su caravana, por menor que sea, puede reducir su valor de reventa. Los compradores potenciales suelen ser reacios a comprar una caravana da\u00f1ada, incluso si el da\u00f1o es superficial.<\/p><h3><strong>La importancia de la reparaci\u00f3n profesional de los da\u00f1os causados por una tormenta en una caravana o autocaravana<\/strong><\/h3><p>La reparaci\u00f3n profesional de los da\u00f1os causados por tormentas en su caravana o caravana garantiza que su caravana o caravana est\u00e9 no s\u00f3lo est\u00e9ticamente sino tambi\u00e9n estructuralmente en las mejores condiciones. Esto ayuda a mantener el valor de su caravana a largo plazo.<\/p><h3><strong>C\u00f3mo CaravanRepair le ayuda inmediatamente en caso de da\u00f1os causados por tormentas en su caravana<\/strong><\/h3><p>El grupo CaravanRepair est\u00e1 formado por reparadores de da\u00f1os reconocidos y especializados en la reparaci\u00f3n de caravanas. Estos profesionales se asegurar\u00e1n de que su caravana sea restaurada con los m\u00e1s altos est\u00e1ndares, preservando el valor de su veh\u00edculo. <a href=\"https:\/\/oud.caravanrepair.eu\/es\/reparacion-de-caravanas-4\/\" target=\"_blank\" rel=\"noopener\">\ud83d\udd17\u00a0<em>Consulte tambi\u00e9n nuestra p\u00e1gina principal de reparaci\u00f3n de caravanas para obtener m\u00e1s informaci\u00f3n sobre casos de da\u00f1os espec\u00edficos.<\/em><\/a><\/p><h3><strong>La velocidad es esencial<\/strong><\/h3><p>Cuanto antes act\u00faes despu\u00e9s de descubrir da\u00f1os, mejor. El retraso puede generar m\u00e1s complicaciones y costos. CaravanRepair.eu ofrece un servicio r\u00e1pido y eficaz, para que su caravana sea reparada lo antes posible.<\/p><h3><strong>Conclusi\u00f3n<\/strong><\/h3><p>Los da\u00f1os causados por una tormenta en una caravana o autocaravana son m\u00e1s que un simple problema cosm\u00e9tico; Tambi\u00e9n puede afectar el valor de su caravana. Al elegir la reparaci\u00f3n profesional a trav\u00e9s de CaravanRepair.eu, se asegura de que su caravana conserve su valor y de que pueda volver a la carretera con tranquilidad.<\/p><p><em>\u00bfHa sufrido da\u00f1os por tormentas en su caravana? <a href=\"https:\/\/oud.caravanrepair.eu\/es\/formulario-de-danos\/\" target=\"_blank\" rel=\"noopener\">Den\u00fancielo inmediatamente y notifique los da\u00f1os por Internet.<\/a><\/em><\/p>\t\t\t\t\t\t\t\t<\/div>\n\t\t\t\t<\/div>\n\t\t\t\t<div class=\"elementor-element elementor-element-440e6ee elementor-widget elementor-widget-global elementor-global-8511 elementor-widget-button\" data-id=\"440e6ee\" data-element_type=\"widget\" data-e-type=\"widget\" data-widget_type=\"button.default\">\n\t\t\t\t<div class=\"elementor-widget-container\">\n\t\t\t\t\t\t\t\t\t<div class=\"elementor-button-wrapper\">\n\t\t\t\t\t<a class=\"elementor-button elementor-button-link elementor-size-sm\" href=\"https:\/\/oud.caravanrepair.eu\/es\/formulario-de-danos\/\">\n\t\t\t\t\t\t<span class=\"elementor-button-content-wrapper\">\n\t\t\t\t\t\t\t\t\t<span class=\"elementor-button-text\">\u00a1Haga clic aqu\u00ed para informar da\u00f1os inmediatamente!<\/span>\n\t\t\t\t\t<\/span>\n\t\t\t\t\t<\/a>\n\t\t\t\t<\/div>\n\t\t\t\t\t\t\t\t<\/div>\n\t\t\t\t<\/div>\n\t\t\t\t\t<\/div>\n\t\t<\/div>\n\t\t\t\t\t<\/div>\n\t\t<\/section>\n\t\t\t\t<section class=\"elementor-section elementor-top-section elementor-element elementor-element-4eddb91 elementor-section-boxed elementor-section-height-default elementor-section-height-default\" data-id=\"4eddb91\" data-element_type=\"section\" data-e-type=\"section\">\n\t\t\t\t\t\t<div class=\"elementor-container elementor-column-gap-default\">\n\t\t\t\t\t<div class=\"elementor-column elementor-col-100 elementor-top-column elementor-element elementor-element-fc187c0\" data-id=\"fc187c0\" data-element_type=\"column\" data-e-type=\"column\">\n\t\t\t<div class=\"elementor-widget-wrap elementor-element-populated\">\n\t\t\t\t\t\t<div class=\"elementor-element elementor-element-50bede7 elementor-widget elementor-widget-text-editor\" data-id=\"50bede7\" data-element_type=\"widget\" data-e-type=\"widget\" data-widget_type=\"text-editor.default\">\n\t\t\t\t<div class=\"elementor-widget-container\">\n\t\t\t\t\t\t\t\t\t<p><a href=\"https:\/\/oud.caravanrepair.eu\/es\/\" target=\"_blank\" rel=\"noopener\">Haga clic aqu\u00ed para volver a la p\u00e1gina de inicio.<\/a><\/p>\t\t\t\t\t\t\t\t<\/div>\n\t\t\t\t<\/div>\n\t\t\t\t\t<\/div>\n\t\t<\/div>\n\t\t\t\t\t<\/div>\n\t\t<\/section>\n\t\t\t\t<\/div>","protected":false},"excerpt":{"rendered":"<p>Una tormenta no s\u00f3lo puede causar da\u00f1os f\u00edsicos a su caravana, sino que tambi\u00e9n puede afectar su valor. Sin embargo, una caravana bien reparada conserva su valor mejor que una caravana con signos visibles de da\u00f1os. En este blog analizamos la importancia de la reparaci\u00f3n profesional despu\u00e9s de los da\u00f1os de una tormenta y c\u00f3mo CaravanRepair.eu puede ayudarle con esto.<\/p>","protected":false},"author":5,"featured_media":3964,"comment_status":"closed","ping_status":"open","sticky":false,"template":"","format":"standard","meta":{"footnotes":""},"categories":[1754],"tags":[],"class_list":["post-8525","post","type-post","status-publish","format-standard","has-post-thumbnail","hentry","category-schade-aan-camper-of-caravan"],"yoast_head":"<!-- This site is optimized with the Yoast SEO Premium plugin v27.5 (Yoast SEO v28.3) - https:\/\/yoast.com\/product\/yoast-seo-premium-wordpress\/ -->\n<title>Stormschade caravan.<\/title>\n<meta name=\"description\" content=\"Stormschade aan uw caravan of camper? CaravanRepair help u direct, professioneel en vakkundig. Wij nemen alle zorg voor u uit handen.\" \/>\n<meta name=\"robots\" content=\"noindex, follow, max-snippet:-1, max-image-preview:large, max-video-preview:-1\" \/>\n<meta property=\"og:locale\" content=\"es_ES\" \/>\n<meta property=\"og:type\" content=\"article\" \/>\n<meta property=\"og:title\" content=\"Stormschade aan uw caravan of camper?\" \/>\n<meta property=\"og:description\" content=\"Stormschade aan uw caravan of camper? CaravanRepair help u direct, professioneel en vakkundig. Wij nemen alle zorg voor u uit handen.\" \/>\n<meta property=\"og:url\" content=\"https:\/\/oud.caravanrepair.eu\/es\/danos-en-autocaravana-o-caravana\/danos-por-tormenta-en-su-autocaravana-o-caravana\/\" \/>\n<meta property=\"og:site_name\" content=\"CaravanRepair\u00ae\" \/>\n<meta property=\"article:published_time\" content=\"2023-10-03T16:40:39+00:00\" \/>\n<meta property=\"article:modified_time\" content=\"2025-09-10T09:10:36+00:00\" \/>\n<meta property=\"og:image\" content=\"https:\/\/oud.caravanrepair.eu\/wp-content\/uploads\/2019\/01\/caravanschade-1.jpg\" \/>\n\t<meta property=\"og:image:width\" content=\"726\" \/>\n\t<meta property=\"og:image:height\" content=\"484\" \/>\n\t<meta property=\"og:image:type\" content=\"image\/jpeg\" \/>\n<meta name=\"author\" content=\"robin\" \/>\n<meta name=\"twitter:card\" content=\"summary_large_image\" \/>\n<meta name=\"twitter:label1\" content=\"Escrito por\" \/>\n\t<meta name=\"twitter:data1\" content=\"robin\" \/>\n\t<meta name=\"twitter:label2\" content=\"Tiempo de lectura\" \/>\n\t<meta name=\"twitter:data2\" content=\"2 minutos\" \/>\n<script type=\"application\/ld+json\" class=\"yoast-schema-graph\">{\"@context\":\"https:\\\/\\\/schema.org\",\"@graph\":[{\"@type\":\"Article\",\"@id\":\"https:\\\/\\\/oud.caravanrepair.eu\\\/schade-aan-camper-of-caravan\\\/stormschade-aan-uw-caravan-of-camper\\\/#article\",\"isPartOf\":{\"@id\":\"https:\\\/\\\/oud.caravanrepair.eu\\\/schade-aan-camper-of-caravan\\\/stormschade-aan-uw-caravan-of-camper\\\/\"},\"author\":{\"name\":\"robin\",\"@id\":\"https:\\\/\\\/oud.caravanrepair.eu\\\/#\\\/schema\\\/person\\\/3d6951fb909de71414ea25dc46e82b07\"},\"headline\":\"Stormschade aan uw caravan of camper?\",\"datePublished\":\"2023-10-03T16:40:39+00:00\",\"dateModified\":\"2025-09-10T09:10:36+00:00\",\"mainEntityOfPage\":{\"@id\":\"https:\\\/\\\/oud.caravanrepair.eu\\\/schade-aan-camper-of-caravan\\\/stormschade-aan-uw-caravan-of-camper\\\/\"},\"wordCount\":511,\"publisher\":{\"@id\":\"https:\\\/\\\/oud.caravanrepair.eu\\\/#organization\"},\"image\":{\"@id\":\"https:\\\/\\\/oud.caravanrepair.eu\\\/schade-aan-camper-of-caravan\\\/stormschade-aan-uw-caravan-of-camper\\\/#primaryimage\"},\"thumbnailUrl\":\"https:\\\/\\\/oud.caravanrepair.eu\\\/wp-content\\\/uploads\\\/2019\\\/01\\\/caravanschade-1.jpg\",\"articleSection\":[\"Schade aan camper of caravan\"],\"inLanguage\":\"es\"},{\"@type\":\"WebPage\",\"@id\":\"https:\\\/\\\/oud.caravanrepair.eu\\\/schade-aan-camper-of-caravan\\\/stormschade-aan-uw-caravan-of-camper\\\/\",\"url\":\"https:\\\/\\\/oud.caravanrepair.eu\\\/schade-aan-camper-of-caravan\\\/stormschade-aan-uw-caravan-of-camper\\\/\",\"name\":\"Stormschade caravan.\",\"isPartOf\":{\"@id\":\"https:\\\/\\\/oud.caravanrepair.eu\\\/#website\"},\"primaryImageOfPage\":{\"@id\":\"https:\\\/\\\/oud.caravanrepair.eu\\\/schade-aan-camper-of-caravan\\\/stormschade-aan-uw-caravan-of-camper\\\/#primaryimage\"},\"image\":{\"@id\":\"https:\\\/\\\/oud.caravanrepair.eu\\\/schade-aan-camper-of-caravan\\\/stormschade-aan-uw-caravan-of-camper\\\/#primaryimage\"},\"thumbnailUrl\":\"https:\\\/\\\/oud.caravanrepair.eu\\\/wp-content\\\/uploads\\\/2019\\\/01\\\/caravanschade-1.jpg\",\"datePublished\":\"2023-10-03T16:40:39+00:00\",\"dateModified\":\"2025-09-10T09:10:36+00:00\",\"description\":\"Stormschade aan uw caravan of camper? CaravanRepair help u direct, professioneel en vakkundig. Wij nemen alle zorg voor u uit handen.\",\"breadcrumb\":{\"@id\":\"https:\\\/\\\/oud.caravanrepair.eu\\\/schade-aan-camper-of-caravan\\\/stormschade-aan-uw-caravan-of-camper\\\/#breadcrumb\"},\"inLanguage\":\"es\",\"potentialAction\":[{\"@type\":\"ReadAction\",\"target\":[\"https:\\\/\\\/oud.caravanrepair.eu\\\/schade-aan-camper-of-caravan\\\/stormschade-aan-uw-caravan-of-camper\\\/\"]}]},{\"@type\":\"ImageObject\",\"inLanguage\":\"es\",\"@id\":\"https:\\\/\\\/oud.caravanrepair.eu\\\/schade-aan-camper-of-caravan\\\/stormschade-aan-uw-caravan-of-camper\\\/#primaryimage\",\"url\":\"https:\\\/\\\/oud.caravanrepair.eu\\\/wp-content\\\/uploads\\\/2019\\\/01\\\/caravanschade-1.jpg\",\"contentUrl\":\"https:\\\/\\\/oud.caravanrepair.eu\\\/wp-content\\\/uploads\\\/2019\\\/01\\\/caravanschade-1.jpg\",\"width\":726,\"height\":484,\"caption\":\"Uszkodzenie przodu przyczepy kempingowej\"},{\"@type\":\"BreadcrumbList\",\"@id\":\"https:\\\/\\\/oud.caravanrepair.eu\\\/schade-aan-camper-of-caravan\\\/stormschade-aan-uw-caravan-of-camper\\\/#breadcrumb\",\"itemListElement\":[{\"@type\":\"ListItem\",\"position\":1,\"name\":\"Home\",\"item\":\"https:\\\/\\\/oud.caravanrepair.eu\\\/\"},{\"@type\":\"ListItem\",\"position\":2,\"name\":\"Schade aan camper of caravan\",\"item\":\"https:\\\/\\\/oud.caravanrepair.eu\\\/category\\\/schade-aan-camper-of-caravan\\\/\"},{\"@type\":\"ListItem\",\"position\":3,\"name\":\"Stormschade aan uw caravan of camper?\"}]},{\"@type\":\"WebSite\",\"@id\":\"https:\\\/\\\/oud.caravanrepair.eu\\\/#website\",\"url\":\"https:\\\/\\\/oud.caravanrepair.eu\\\/\",\"name\":\"CaravanRepair\u00ae\",\"description\":\"Professioneel schadeherstel voor caravan en camper\",\"publisher\":{\"@id\":\"https:\\\/\\\/oud.caravanrepair.eu\\\/#organization\"},\"potentialAction\":[{\"@type\":\"SearchAction\",\"target\":{\"@type\":\"EntryPoint\",\"urlTemplate\":\"https:\\\/\\\/oud.caravanrepair.eu\\\/?s={search_term_string}\"},\"query-input\":{\"@type\":\"PropertyValueSpecification\",\"valueRequired\":true,\"valueName\":\"search_term_string\"}}],\"inLanguage\":\"es\"},{\"@type\":\"Organization\",\"@id\":\"https:\\\/\\\/oud.caravanrepair.eu\\\/#organization\",\"name\":\"CaravanRepair\u00ae\",\"url\":\"https:\\\/\\\/oud.caravanrepair.eu\\\/\",\"logo\":{\"@type\":\"ImageObject\",\"inLanguage\":\"es\",\"@id\":\"https:\\\/\\\/oud.caravanrepair.eu\\\/#\\\/schema\\\/logo\\\/image\\\/\",\"url\":\"https:\\\/\\\/oud.caravanrepair.eu\\\/wp-content\\\/uploads\\\/2019\\\/01\\\/logo-caravanrepair.png\",\"contentUrl\":\"https:\\\/\\\/oud.caravanrepair.eu\\\/wp-content\\\/uploads\\\/2019\\\/01\\\/logo-caravanrepair.png\",\"width\":353,\"height\":150,\"caption\":\"CaravanRepair\u00ae\"},\"image\":{\"@id\":\"https:\\\/\\\/oud.caravanrepair.eu\\\/#\\\/schema\\\/logo\\\/image\\\/\"}},{\"@type\":\"Person\",\"@id\":\"https:\\\/\\\/oud.caravanrepair.eu\\\/#\\\/schema\\\/person\\\/3d6951fb909de71414ea25dc46e82b07\",\"name\":\"robin\"}]}<\/script>\n<!-- \/ Yoast SEO Premium plugin. -->","yoast_head_json":{"title":"Caravana da\u00f1ada por tormentas.","description":"\u00bfDa\u00f1os por tormentas en su caravana o autocaravana? CaravanRepair le ayudar\u00e1 de forma inmediata, profesional y experta. Nos encargamos de todo por ti.","robots":{"index":"noindex","follow":"follow","max-snippet":"max-snippet:-1","max-image-preview":"max-image-preview:large","max-video-preview":"max-video-preview:-1"},"og_locale":"es_ES","og_type":"article","og_title":"Stormschade aan uw caravan of camper?","og_description":"Stormschade aan uw caravan of camper? CaravanRepair help u direct, professioneel en vakkundig. Wij nemen alle zorg voor u uit handen.","og_url":"https:\/\/oud.caravanrepair.eu\/es\/danos-en-autocaravana-o-caravana\/danos-por-tormenta-en-su-autocaravana-o-caravana\/","og_site_name":"CaravanRepair\u00ae","article_published_time":"2023-10-03T16:40:39+00:00","article_modified_time":"2025-09-10T09:10:36+00:00","og_image":[{"width":726,"height":484,"url":"https:\/\/oud.caravanrepair.eu\/wp-content\/uploads\/2019\/01\/caravanschade-1.jpg","type":"image\/jpeg"}],"author":"robin","twitter_card":"summary_large_image","twitter_misc":{"Escrito por":"robin","Tiempo de lectura":"2 minutos"},"schema":{"@context":"https:\/\/schema.org","@graph":[{"@type":"Article","@id":"https:\/\/oud.caravanrepair.eu\/schade-aan-camper-of-caravan\/stormschade-aan-uw-caravan-of-camper\/#article","isPartOf":{"@id":"https:\/\/oud.caravanrepair.eu\/schade-aan-camper-of-caravan\/stormschade-aan-uw-caravan-of-camper\/"},"author":{"name":"robin","@id":"https:\/\/oud.caravanrepair.eu\/#\/schema\/person\/3d6951fb909de71414ea25dc46e82b07"},"headline":"Stormschade aan uw caravan of camper?","datePublished":"2023-10-03T16:40:39+00:00","dateModified":"2025-09-10T09:10:36+00:00","mainEntityOfPage":{"@id":"https:\/\/oud.caravanrepair.eu\/schade-aan-camper-of-caravan\/stormschade-aan-uw-caravan-of-camper\/"},"wordCount":511,"publisher":{"@id":"https:\/\/oud.caravanrepair.eu\/#organization"},"image":{"@id":"https:\/\/oud.caravanrepair.eu\/schade-aan-camper-of-caravan\/stormschade-aan-uw-caravan-of-camper\/#primaryimage"},"thumbnailUrl":"https:\/\/oud.caravanrepair.eu\/wp-content\/uploads\/2019\/01\/caravanschade-1.jpg","articleSection":["Schade aan camper of caravan"],"inLanguage":"es"},{"@type":"WebPage","@id":"https:\/\/oud.caravanrepair.eu\/schade-aan-camper-of-caravan\/stormschade-aan-uw-caravan-of-camper\/","url":"https:\/\/oud.caravanrepair.eu\/schade-aan-camper-of-caravan\/stormschade-aan-uw-caravan-of-camper\/","name":"Caravana da\u00f1ada por tormentas.","isPartOf":{"@id":"https:\/\/oud.caravanrepair.eu\/#website"},"primaryImageOfPage":{"@id":"https:\/\/oud.caravanrepair.eu\/schade-aan-camper-of-caravan\/stormschade-aan-uw-caravan-of-camper\/#primaryimage"},"image":{"@id":"https:\/\/oud.caravanrepair.eu\/schade-aan-camper-of-caravan\/stormschade-aan-uw-caravan-of-camper\/#primaryimage"},"thumbnailUrl":"https:\/\/oud.caravanrepair.eu\/wp-content\/uploads\/2019\/01\/caravanschade-1.jpg","datePublished":"2023-10-03T16:40:39+00:00","dateModified":"2025-09-10T09:10:36+00:00","description":"\u00bfDa\u00f1os por tormentas en su caravana o autocaravana? CaravanRepair le ayudar\u00e1 de forma inmediata, profesional y experta. Nos encargamos de todo por ti.","breadcrumb":{"@id":"https:\/\/oud.caravanrepair.eu\/schade-aan-camper-of-caravan\/stormschade-aan-uw-caravan-of-camper\/#breadcrumb"},"inLanguage":"es","potentialAction":[{"@type":"ReadAction","target":["https:\/\/oud.caravanrepair.eu\/schade-aan-camper-of-caravan\/stormschade-aan-uw-caravan-of-camper\/"]}]},{"@type":"ImageObject","inLanguage":"es","@id":"https:\/\/oud.caravanrepair.eu\/schade-aan-camper-of-caravan\/stormschade-aan-uw-caravan-of-camper\/#primaryimage","url":"https:\/\/oud.caravanrepair.eu\/wp-content\/uploads\/2019\/01\/caravanschade-1.jpg","contentUrl":"https:\/\/oud.caravanrepair.eu\/wp-content\/uploads\/2019\/01\/caravanschade-1.jpg","width":726,"height":484,"caption":"Uszkodzenie przodu przyczepy kempingowej"},{"@type":"BreadcrumbList","@id":"https:\/\/oud.caravanrepair.eu\/schade-aan-camper-of-caravan\/stormschade-aan-uw-caravan-of-camper\/#breadcrumb","itemListElement":[{"@type":"ListItem","position":1,"name":"Home","item":"https:\/\/oud.caravanrepair.eu\/"},{"@type":"ListItem","position":2,"name":"Schade aan camper of caravan","item":"https:\/\/oud.caravanrepair.eu\/category\/schade-aan-camper-of-caravan\/"},{"@type":"ListItem","position":3,"name":"Stormschade aan uw caravan of camper?"}]},{"@type":"WebSite","@id":"https:\/\/oud.caravanrepair.eu\/#website","url":"https:\/\/oud.caravanrepair.eu\/","name":"CaravanRepair\u00ae","description":"Reparaci\u00f3n profesional de da\u00f1os para caravanas y autocaravanas","publisher":{"@id":"https:\/\/oud.caravanrepair.eu\/#organization"},"potentialAction":[{"@type":"SearchAction","target":{"@type":"EntryPoint","urlTemplate":"https:\/\/oud.caravanrepair.eu\/?s={search_term_string}"},"query-input":{"@type":"PropertyValueSpecification","valueRequired":true,"valueName":"search_term_string"}}],"inLanguage":"es"},{"@type":"Organization","@id":"https:\/\/oud.caravanrepair.eu\/#organization","name":"CaravanRepair\u00ae","url":"https:\/\/oud.caravanrepair.eu\/","logo":{"@type":"ImageObject","inLanguage":"es","@id":"https:\/\/oud.caravanrepair.eu\/#\/schema\/logo\/image\/","url":"https:\/\/oud.caravanrepair.eu\/wp-content\/uploads\/2019\/01\/logo-caravanrepair.png","contentUrl":"https:\/\/oud.caravanrepair.eu\/wp-content\/uploads\/2019\/01\/logo-caravanrepair.png","width":353,"height":150,"caption":"CaravanRepair\u00ae"},"image":{"@id":"https:\/\/oud.caravanrepair.eu\/#\/schema\/logo\/image\/"}},{"@type":"Person","@id":"https:\/\/oud.caravanrepair.eu\/#\/schema\/person\/3d6951fb909de71414ea25dc46e82b07","name":"Robin"}]}},"_links":{"self":[{"href":"https:\/\/oud.caravanrepair.eu\/es\/wp-json\/wp\/v2\/posts\/8525","targetHints":{"allow":["GET"]}}],"collection":[{"href":"https:\/\/oud.caravanrepair.eu\/es\/wp-json\/wp\/v2\/posts"}],"about":[{"href":"https:\/\/oud.caravanrepair.eu\/es\/wp-json\/wp\/v2\/types\/post"}],"author":[{"embeddable":true,"href":"https:\/\/oud.caravanrepair.eu\/es\/wp-json\/wp\/v2\/users\/5"}],"replies":[{"embeddable":true,"href":"https:\/\/oud.caravanrepair.eu\/es\/wp-json\/wp\/v2\/comments?post=8525"}],"version-history":[{"count":0,"href":"https:\/\/oud.caravanrepair.eu\/es\/wp-json\/wp\/v2\/posts\/8525\/revisions"}],"wp:featuredmedia":[{"embeddable":true,"href":"https:\/\/oud.caravanrepair.eu\/es\/wp-json\/wp\/v2\/media\/3964"}],"wp:attachment":[{"href":"https:\/\/oud.caravanrepair.eu\/es\/wp-json\/wp\/v2\/media?parent=8525"}],"wp:term":[{"taxonomy":"category","embeddable":true,"href":"https:\/\/oud.caravanrepair.eu\/es\/wp-json\/wp\/v2\/categories?post=8525"},{"taxonomy":"post_tag","embeddable":true,"href":"https:\/\/oud.caravanrepair.eu\/es\/wp-json\/wp\/v2\/tags?post=8525"}],"curies":[{"name":"wp","href":"https:\/\/api.w.org\/{rel}","templated":true}]}}