{"id":10330,"date":"2024-01-08T16:27:34","date_gmt":"2024-01-08T15:27:34","guid":{"rendered":"https:\/\/oud.caravanrepair.eu\/?p=10330"},"modified":"2024-09-28T09:50:08","modified_gmt":"2024-09-28T07:50:08","slug":"reparation-de-caravane-espagne-2","status":"publish","type":"post","link":"https:\/\/oud.caravanrepair.eu\/fr\/dealers-europa\/spanje\/caravanrepair-spanje\/","title":{"rendered":"CaravanRepair\u00ae Espagne"},"content":{"rendered":"<div data-elementor-type=\"wp-post\" data-elementor-id=\"10330\" class=\"elementor elementor-10330\" data-elementor-post-type=\"post\">\n\t\t\t\t\t\t<section class=\"elementor-section elementor-top-section elementor-element elementor-element-e5f88fc elementor-section-boxed elementor-section-height-default elementor-section-height-default\" data-id=\"e5f88fc\" data-element_type=\"section\" data-e-type=\"section\">\n\t\t\t\t\t\t<div class=\"elementor-container elementor-column-gap-default\">\n\t\t\t\t\t<div class=\"elementor-column elementor-col-100 elementor-top-column elementor-element elementor-element-76150bce\" data-id=\"76150bce\" data-element_type=\"column\" data-e-type=\"column\">\n\t\t\t<div class=\"elementor-widget-wrap elementor-element-populated\">\n\t\t\t\t\t\t<div class=\"elementor-element elementor-element-48f67a93 elementor-widget__width-initial elementor-widget elementor-widget-text-editor\" data-id=\"48f67a93\" data-element_type=\"widget\" data-e-type=\"widget\" data-widget_type=\"text-editor.default\">\n\t\t\t\t<div class=\"elementor-widget-container\">\n\t\t\t\t\t\t\t\t\t<h2>Le groupe CaravanRepair\u00ae \u00e9galement en Espagne<\/h2><p>Le Groupe Caravanrepair, une cha\u00eene leader d&#039;entreprises professionnelles de r\u00e9paration des dommages aux caravanes et camping-cars, a r\u00e9cemment \u00e9tendu ses activit\u00e9s \u00e0 l&#039;Espagne. Avec cette \u00e9tape, le groupe CaravanRepair franchit une nouvelle \u00e9tape en offrant des services de r\u00e9paration de haute qualit\u00e9 aux propri\u00e9taires de caravanes et de camping-cars en Europe.<\/p><h3>CaravanRepair Espagne, un partenaire de confiance pour la r\u00e9paration des dommages aux caravanes ou camping-cars.<\/h3><p>Si votre caravane ou votre camping-car a d\u00e9j\u00e0 \u00e9t\u00e9 endommag\u00e9, vous savez \u00e0 quel point il est important de faire appel \u00e0 un r\u00e9parateur fiable et professionnel. Aux Pays-Bas, CaravanRepair est depuis des ann\u00e9es un nom bien connu en mati\u00e8re de r\u00e9paration de haute qualit\u00e9 des dommages aux caravanes et camping-cars. Gr\u00e2ce \u00e0 leur vaste exp\u00e9rience et leur expertise, ils se sont impos\u00e9s comme des r\u00e9parateurs de dommages qualifi\u00e9s et hautement professionnels. Ils travaillent en collaboration avec un vaste r\u00e9seau de sp\u00e9cialistes et de revendeurs sp\u00e9cialement s\u00e9lectionn\u00e9s par CaravanRepair pour fournir un service de r\u00e9paration des dommages rapide, efficace et fiable \u00e0 leurs clients. D\u00e9sormais, ils apportent \u00e9galement leur formule \u00e0 succ\u00e8s en Espagne.<\/p><h3>Un besoin croissant en Espagne<\/h3><p>Ce n&#039;est un secret pour personne que l&#039;Espagne est une destination populaire aupr\u00e8s des amateurs de caravanes et de camping-cars de toute l&#039;Europe. Chaque ann\u00e9e, des milliers de personnes parcourent les magnifiques plages, montagnes et villes d&#039;Espagne avec leur v\u00e9hicule de vacances mobile.<\/p><p>Cette popularit\u00e9 croissante s\u2019accompagne du besoin de r\u00e9parations de haute qualit\u00e9 contre les dommages caus\u00e9s aux caravanes et aux camping-cars. Les caravanes ou camping-cars peuvent \u00eatre endommag\u00e9s en cours de route en raison d&#039;accidents, de mauvaises conditions routi\u00e8res ou d&#039;autres circonstances impr\u00e9vues. CaravanRepair r\u00e9pond \u00e0 cela en proposant \u00e9galement ses services sp\u00e9cialis\u00e9s en Espagne.<\/p><h3>CaravanRepair Espagne, r\u00e9paration professionnelle et \u00e9tendue des dommages.<\/h3><p>Le Groupe CaravanRepair est connu pour sa sp\u00e9cialisation. Des r\u00e9parations esth\u00e9tiques aux r\u00e9parations structurelles, ils offrent une gamme de services pour garantir que votre caravane ou camping-car soit de nouveau en parfait \u00e9tat. Ils utilisent uniquement des mat\u00e9riaux de haute qualit\u00e9 et des techniques tr\u00e8s avanc\u00e9es pour garantir des r\u00e9sultats durables et de haute qualit\u00e9.<\/p><p>De plus, le Groupe CaravanRepair comprend que chaque jour compte pendant les vacances. C&#039;est pourquoi ils s&#039;efforcent d&#039;effectuer leurs r\u00e9parations le plus rapidement possible, sans compromettre la qualit\u00e9 du travail, et veulent que les propri\u00e9taires de caravanes et de camping-cars puissent reprendre rapidement la route pour profiter de leurs vacances.<\/p><h3>CaravanRepair Espagne, facilement accessible pour les clients\u00a0<\/h3><p>CaravanRepair permet aux clients d&#039;utiliser facilement leurs services. Gr\u00e2ce \u00e0 leurs nombreux points de service dans toute la Catalogne en Espagne, ils atteignent une vaste zone de loisirs et sont toujours \u00e0 proximit\u00e9. Ils disposent d&#039;installations modernes dot\u00e9es d&#039;\u00e9quipements de pointe et offrent un processus efficace et rationalis\u00e9 pour la r\u00e9paration des dommages aux caravanes et camping-cars.<\/p><h3>Conclusion<\/h3><p>Le groupe CaravanRepair a \u00e9tendu ses activit\u00e9s \u00e0 l&#039;Espagne pour r\u00e9pondre au besoin croissant de services de r\u00e9paration de haute qualit\u00e9 en cas de dommages aux caravanes et camping-cars. Gr\u00e2ce \u00e0 leur service de r\u00e9paration professionnel et \u00e9tendu, ils permettent aux propri\u00e9taires de caravanes et de camping-cars de r\u00e9parer tout dommage rapidement et professionnellement. avec toutes les garanties.<\/p><h3>Prenez rendez-vous imm\u00e9diatement, nous nous occuperons d&#039;organiser les d\u00e9g\u00e2ts.<\/h3><p>Personne ne veut des tracas li\u00e9s \u00e0 la r\u00e9paration des dommages. C&#039;est pourquoi nous coordonnons pour vous le r\u00e8glement complet du sinistre, via le revendeur CaravanRepair le plus proche de votre r\u00e9gion.\u00a0<\/p><h3>Agir d\u00e8s maintenant!<\/h3><p>Votre caravane ou camping-car est endommag\u00e9 ? Veuillez remplir le formulaire imm\u00e9diatement afin que nous puissions commencer pour vous\u00a0!<\/p>\t\t\t\t\t\t\t\t<\/div>\n\t\t\t\t<\/div>\n\t\t\t\t<div class=\"elementor-element elementor-element-1167dece elementor-widget elementor-widget-global elementor-global-8511 elementor-widget-button\" data-id=\"1167dece\" data-element_type=\"widget\" data-e-type=\"widget\" data-widget_type=\"button.default\">\n\t\t\t\t<div class=\"elementor-widget-container\">\n\t\t\t\t\t\t\t\t\t<div class=\"elementor-button-wrapper\">\n\t\t\t\t\t<a class=\"elementor-button elementor-button-link elementor-size-sm\" href=\"https:\/\/oud.caravanrepair.eu\/fr\/antragsformular\/\">\n\t\t\t\t\t\t<span class=\"elementor-button-content-wrapper\">\n\t\t\t\t\t\t\t\t\t<span class=\"elementor-button-text\">Cliquez ici pour signaler imm\u00e9diatement les dommages\u00a0!<\/span>\n\t\t\t\t\t<\/span>\n\t\t\t\t\t<\/a>\n\t\t\t\t<\/div>\n\t\t\t\t\t\t\t\t<\/div>\n\t\t\t\t<\/div>\n\t\t\t\t\t<\/div>\n\t\t<\/div>\n\t\t\t\t\t<\/div>\n\t\t<\/section>\n\t\t\t\t<\/div>","protected":false},"excerpt":{"rendered":"<p>Le Groupe CaravanRepair\u00ae \u00e9galement en Espagne Le Groupe Caravanrepair, une cha\u00eene leader de r\u00e9parateurs professionnels de caravanes et camping-cars, a r\u00e9cemment<\/p>","protected":false},"author":3,"featured_media":8810,"comment_status":"closed","ping_status":"closed","sticky":false,"template":"","format":"standard","meta":{"footnotes":""},"categories":[1759],"tags":[],"class_list":["post-10330","post","type-post","status-publish","format-standard","has-post-thumbnail","hentry","category-spanje"],"yoast_head":"<!-- This site is optimized with the Yoast SEO Premium plugin v27.5 (Yoast SEO v28.3) - https:\/\/yoast.com\/product\/yoast-seo-premium-wordpress\/ -->\n<title>CaravanRepair Spanje<\/title>\n<meta name=\"description\" content=\"CaravanRepair Spanje is een onderdeel van de CaravanRepair Group. Een professionele keten van schadehersllers van caravan en campers in Europa\" \/>\n<meta name=\"robots\" content=\"noindex, follow, max-snippet:-1, max-image-preview:large, max-video-preview:-1\" \/>\n<meta property=\"og:locale\" content=\"fr_FR\" \/>\n<meta property=\"og:type\" content=\"article\" \/>\n<meta property=\"og:title\" content=\"CaravanRepair\u00ae Spanje\" \/>\n<meta property=\"og:description\" content=\"CaravanRepair Spanje is een onderdeel van de CaravanRepair Group. Een professionele keten van schadehersllers van caravan en campers in Europa\" \/>\n<meta property=\"og:url\" content=\"https:\/\/oud.caravanrepair.eu\/fr\/concessionnaires-europeens\/espagne\/reparation-de-caravane-espagne-2\/\" \/>\n<meta property=\"og:site_name\" content=\"CaravanRepair\u00ae\" \/>\n<meta property=\"article:published_time\" content=\"2024-01-08T15:27:34+00:00\" \/>\n<meta property=\"article:modified_time\" content=\"2024-09-28T07:50:08+00:00\" \/>\n<meta property=\"og:image\" content=\"https:\/\/oud.caravanrepair.eu\/wp-content\/uploads\/2023\/11\/caravan-or-motor-home-trailer-on-a-mountain-road.jpg\" \/>\n\t<meta property=\"og:image:width\" content=\"1920\" \/>\n\t<meta property=\"og:image:height\" content=\"1280\" \/>\n\t<meta property=\"og:image:type\" content=\"image\/jpeg\" \/>\n<meta name=\"author\" content=\"Harry\" \/>\n<meta name=\"twitter:card\" content=\"summary_large_image\" \/>\n<meta name=\"twitter:label1\" content=\"\u00c9crit par\" \/>\n\t<meta name=\"twitter:data1\" content=\"Harry\" \/>\n\t<meta name=\"twitter:label2\" content=\"Dur\u00e9e de lecture estim\u00e9e\" \/>\n\t<meta name=\"twitter:data2\" content=\"3 minutes\" \/>\n<script type=\"application\/ld+json\" class=\"yoast-schema-graph\">{\"@context\":\"https:\\\/\\\/schema.org\",\"@graph\":[{\"@type\":\"Article\",\"@id\":\"https:\\\/\\\/oud.caravanrepair.eu\\\/dealers-europa\\\/spanje\\\/caravanrepair-spanje\\\/#article\",\"isPartOf\":{\"@id\":\"https:\\\/\\\/oud.caravanrepair.eu\\\/dealers-europa\\\/spanje\\\/caravanrepair-spanje\\\/\"},\"author\":{\"name\":\"Harry\",\"@id\":\"https:\\\/\\\/oud.caravanrepair.eu\\\/#\\\/schema\\\/person\\\/38a21c9e1495759df9c209470c43295c\"},\"headline\":\"CaravanRepair\u00ae Spanje\",\"datePublished\":\"2024-01-08T15:27:34+00:00\",\"dateModified\":\"2024-09-28T07:50:08+00:00\",\"mainEntityOfPage\":{\"@id\":\"https:\\\/\\\/oud.caravanrepair.eu\\\/dealers-europa\\\/spanje\\\/caravanrepair-spanje\\\/\"},\"wordCount\":541,\"publisher\":{\"@id\":\"https:\\\/\\\/oud.caravanrepair.eu\\\/#organization\"},\"image\":{\"@id\":\"https:\\\/\\\/oud.caravanrepair.eu\\\/dealers-europa\\\/spanje\\\/caravanrepair-spanje\\\/#primaryimage\"},\"thumbnailUrl\":\"https:\\\/\\\/oud.caravanrepair.eu\\\/wp-content\\\/uploads\\\/2023\\\/11\\\/caravan-or-motor-home-trailer-on-a-mountain-road.jpg\",\"articleSection\":[\"Spanje\"],\"inLanguage\":\"fr-FR\"},{\"@type\":\"WebPage\",\"@id\":\"https:\\\/\\\/oud.caravanrepair.eu\\\/dealers-europa\\\/spanje\\\/caravanrepair-spanje\\\/\",\"url\":\"https:\\\/\\\/oud.caravanrepair.eu\\\/dealers-europa\\\/spanje\\\/caravanrepair-spanje\\\/\",\"name\":\"CaravanRepair Spanje\",\"isPartOf\":{\"@id\":\"https:\\\/\\\/oud.caravanrepair.eu\\\/#website\"},\"primaryImageOfPage\":{\"@id\":\"https:\\\/\\\/oud.caravanrepair.eu\\\/dealers-europa\\\/spanje\\\/caravanrepair-spanje\\\/#primaryimage\"},\"image\":{\"@id\":\"https:\\\/\\\/oud.caravanrepair.eu\\\/dealers-europa\\\/spanje\\\/caravanrepair-spanje\\\/#primaryimage\"},\"thumbnailUrl\":\"https:\\\/\\\/oud.caravanrepair.eu\\\/wp-content\\\/uploads\\\/2023\\\/11\\\/caravan-or-motor-home-trailer-on-a-mountain-road.jpg\",\"datePublished\":\"2024-01-08T15:27:34+00:00\",\"dateModified\":\"2024-09-28T07:50:08+00:00\",\"description\":\"CaravanRepair Spanje is een onderdeel van de CaravanRepair Group. Een professionele keten van schadehersllers van caravan en campers in Europa\",\"breadcrumb\":{\"@id\":\"https:\\\/\\\/oud.caravanrepair.eu\\\/dealers-europa\\\/spanje\\\/caravanrepair-spanje\\\/#breadcrumb\"},\"inLanguage\":\"fr-FR\",\"potentialAction\":[{\"@type\":\"ReadAction\",\"target\":[\"https:\\\/\\\/oud.caravanrepair.eu\\\/dealers-europa\\\/spanje\\\/caravanrepair-spanje\\\/\"]}]},{\"@type\":\"ImageObject\",\"inLanguage\":\"fr-FR\",\"@id\":\"https:\\\/\\\/oud.caravanrepair.eu\\\/dealers-europa\\\/spanje\\\/caravanrepair-spanje\\\/#primaryimage\",\"url\":\"https:\\\/\\\/oud.caravanrepair.eu\\\/wp-content\\\/uploads\\\/2023\\\/11\\\/caravan-or-motor-home-trailer-on-a-mountain-road.jpg\",\"contentUrl\":\"https:\\\/\\\/oud.caravanrepair.eu\\\/wp-content\\\/uploads\\\/2023\\\/11\\\/caravan-or-motor-home-trailer-on-a-mountain-road.jpg\",\"width\":1920,\"height\":1280,\"caption\":\"Caravan or motor home trailer on a mountain road\"},{\"@type\":\"BreadcrumbList\",\"@id\":\"https:\\\/\\\/oud.caravanrepair.eu\\\/dealers-europa\\\/spanje\\\/caravanrepair-spanje\\\/#breadcrumb\",\"itemListElement\":[{\"@type\":\"ListItem\",\"position\":1,\"name\":\"Home\",\"item\":\"https:\\\/\\\/oud.caravanrepair.eu\\\/\"},{\"@type\":\"ListItem\",\"position\":2,\"name\":\"Dealers Europa\",\"item\":\"https:\\\/\\\/oud.caravanrepair.eu\\\/pl\\\/kategoria\\\/dealerzy-w-europie\\\/\"},{\"@type\":\"ListItem\",\"position\":3,\"name\":\"Spanje\",\"item\":\"https:\\\/\\\/oud.caravanrepair.eu\\\/fr\\\/categorie\\\/concessionnaires-europeens\\\/espagne\\\/\"},{\"@type\":\"ListItem\",\"position\":4,\"name\":\"CaravanRepair\u00ae Spanje\"}]},{\"@type\":\"WebSite\",\"@id\":\"https:\\\/\\\/oud.caravanrepair.eu\\\/#website\",\"url\":\"https:\\\/\\\/oud.caravanrepair.eu\\\/\",\"name\":\"CaravanRepair\u00ae\",\"description\":\"Professioneel schadeherstel voor caravan en camper\",\"publisher\":{\"@id\":\"https:\\\/\\\/oud.caravanrepair.eu\\\/#organization\"},\"potentialAction\":[{\"@type\":\"SearchAction\",\"target\":{\"@type\":\"EntryPoint\",\"urlTemplate\":\"https:\\\/\\\/oud.caravanrepair.eu\\\/?s={search_term_string}\"},\"query-input\":{\"@type\":\"PropertyValueSpecification\",\"valueRequired\":true,\"valueName\":\"search_term_string\"}}],\"inLanguage\":\"fr-FR\"},{\"@type\":\"Organization\",\"@id\":\"https:\\\/\\\/oud.caravanrepair.eu\\\/#organization\",\"name\":\"CaravanRepair\u00ae\",\"url\":\"https:\\\/\\\/oud.caravanrepair.eu\\\/\",\"logo\":{\"@type\":\"ImageObject\",\"inLanguage\":\"fr-FR\",\"@id\":\"https:\\\/\\\/oud.caravanrepair.eu\\\/#\\\/schema\\\/logo\\\/image\\\/\",\"url\":\"https:\\\/\\\/oud.caravanrepair.eu\\\/wp-content\\\/uploads\\\/2019\\\/01\\\/logo-caravanrepair.png\",\"contentUrl\":\"https:\\\/\\\/oud.caravanrepair.eu\\\/wp-content\\\/uploads\\\/2019\\\/01\\\/logo-caravanrepair.png\",\"width\":353,\"height\":150,\"caption\":\"CaravanRepair\u00ae\"},\"image\":{\"@id\":\"https:\\\/\\\/oud.caravanrepair.eu\\\/#\\\/schema\\\/logo\\\/image\\\/\"}},{\"@type\":\"Person\",\"@id\":\"https:\\\/\\\/oud.caravanrepair.eu\\\/#\\\/schema\\\/person\\\/38a21c9e1495759df9c209470c43295c\",\"name\":\"Harry\"}]}<\/script>\n<!-- \/ Yoast SEO Premium plugin. -->","yoast_head_json":{"title":"CaravanRepair Espagne","description":"CaravanRepair Espagne fait partie du groupe CaravanRepair. Une cha\u00eene professionnelle de r\u00e9parateurs de caravanes et camping-cars en Europe","robots":{"index":"noindex","follow":"follow","max-snippet":"max-snippet:-1","max-image-preview":"max-image-preview:large","max-video-preview":"max-video-preview:-1"},"og_locale":"fr_FR","og_type":"article","og_title":"CaravanRepair\u00ae Spanje","og_description":"CaravanRepair Spanje is een onderdeel van de CaravanRepair Group. Een professionele keten van schadehersllers van caravan en campers in Europa","og_url":"https:\/\/oud.caravanrepair.eu\/fr\/concessionnaires-europeens\/espagne\/reparation-de-caravane-espagne-2\/","og_site_name":"CaravanRepair\u00ae","article_published_time":"2024-01-08T15:27:34+00:00","article_modified_time":"2024-09-28T07:50:08+00:00","og_image":[{"width":1920,"height":1280,"url":"https:\/\/oud.caravanrepair.eu\/wp-content\/uploads\/2023\/11\/caravan-or-motor-home-trailer-on-a-mountain-road.jpg","type":"image\/jpeg"}],"author":"Harry","twitter_card":"summary_large_image","twitter_misc":{"\u00c9crit par":"Harry","Dur\u00e9e de lecture estim\u00e9e":"3 minutes"},"schema":{"@context":"https:\/\/schema.org","@graph":[{"@type":"Article","@id":"https:\/\/oud.caravanrepair.eu\/dealers-europa\/spanje\/caravanrepair-spanje\/#article","isPartOf":{"@id":"https:\/\/oud.caravanrepair.eu\/dealers-europa\/spanje\/caravanrepair-spanje\/"},"author":{"name":"Harry","@id":"https:\/\/oud.caravanrepair.eu\/#\/schema\/person\/38a21c9e1495759df9c209470c43295c"},"headline":"CaravanRepair\u00ae Spanje","datePublished":"2024-01-08T15:27:34+00:00","dateModified":"2024-09-28T07:50:08+00:00","mainEntityOfPage":{"@id":"https:\/\/oud.caravanrepair.eu\/dealers-europa\/spanje\/caravanrepair-spanje\/"},"wordCount":541,"publisher":{"@id":"https:\/\/oud.caravanrepair.eu\/#organization"},"image":{"@id":"https:\/\/oud.caravanrepair.eu\/dealers-europa\/spanje\/caravanrepair-spanje\/#primaryimage"},"thumbnailUrl":"https:\/\/oud.caravanrepair.eu\/wp-content\/uploads\/2023\/11\/caravan-or-motor-home-trailer-on-a-mountain-road.jpg","articleSection":["Spanje"],"inLanguage":"fr-FR"},{"@type":"WebPage","@id":"https:\/\/oud.caravanrepair.eu\/dealers-europa\/spanje\/caravanrepair-spanje\/","url":"https:\/\/oud.caravanrepair.eu\/dealers-europa\/spanje\/caravanrepair-spanje\/","name":"CaravanRepair Espagne","isPartOf":{"@id":"https:\/\/oud.caravanrepair.eu\/#website"},"primaryImageOfPage":{"@id":"https:\/\/oud.caravanrepair.eu\/dealers-europa\/spanje\/caravanrepair-spanje\/#primaryimage"},"image":{"@id":"https:\/\/oud.caravanrepair.eu\/dealers-europa\/spanje\/caravanrepair-spanje\/#primaryimage"},"thumbnailUrl":"https:\/\/oud.caravanrepair.eu\/wp-content\/uploads\/2023\/11\/caravan-or-motor-home-trailer-on-a-mountain-road.jpg","datePublished":"2024-01-08T15:27:34+00:00","dateModified":"2024-09-28T07:50:08+00:00","description":"CaravanRepair Espagne fait partie du groupe CaravanRepair. Une cha\u00eene professionnelle de r\u00e9parateurs de caravanes et camping-cars en Europe","breadcrumb":{"@id":"https:\/\/oud.caravanrepair.eu\/dealers-europa\/spanje\/caravanrepair-spanje\/#breadcrumb"},"inLanguage":"fr-FR","potentialAction":[{"@type":"ReadAction","target":["https:\/\/oud.caravanrepair.eu\/dealers-europa\/spanje\/caravanrepair-spanje\/"]}]},{"@type":"ImageObject","inLanguage":"fr-FR","@id":"https:\/\/oud.caravanrepair.eu\/dealers-europa\/spanje\/caravanrepair-spanje\/#primaryimage","url":"https:\/\/oud.caravanrepair.eu\/wp-content\/uploads\/2023\/11\/caravan-or-motor-home-trailer-on-a-mountain-road.jpg","contentUrl":"https:\/\/oud.caravanrepair.eu\/wp-content\/uploads\/2023\/11\/caravan-or-motor-home-trailer-on-a-mountain-road.jpg","width":1920,"height":1280,"caption":"Caravan or motor home trailer on a mountain road"},{"@type":"BreadcrumbList","@id":"https:\/\/oud.caravanrepair.eu\/dealers-europa\/spanje\/caravanrepair-spanje\/#breadcrumb","itemListElement":[{"@type":"ListItem","position":1,"name":"Home","item":"https:\/\/oud.caravanrepair.eu\/"},{"@type":"ListItem","position":2,"name":"Dealers Europa","item":"https:\/\/oud.caravanrepair.eu\/pl\/kategoria\/dealerzy-w-europie\/"},{"@type":"ListItem","position":3,"name":"Spanje","item":"https:\/\/oud.caravanrepair.eu\/fr\/categorie\/concessionnaires-europeens\/espagne\/"},{"@type":"ListItem","position":4,"name":"CaravanRepair\u00ae Spanje"}]},{"@type":"WebSite","@id":"https:\/\/oud.caravanrepair.eu\/#website","url":"https:\/\/oud.caravanrepair.eu\/","name":"CaravanRepair\u00ae","description":"R\u00e9paration professionnelle de dommages pour caravane et camping-car","publisher":{"@id":"https:\/\/oud.caravanrepair.eu\/#organization"},"potentialAction":[{"@type":"SearchAction","target":{"@type":"EntryPoint","urlTemplate":"https:\/\/oud.caravanrepair.eu\/?s={search_term_string}"},"query-input":{"@type":"PropertyValueSpecification","valueRequired":true,"valueName":"search_term_string"}}],"inLanguage":"fr-FR"},{"@type":"Organization","@id":"https:\/\/oud.caravanrepair.eu\/#organization","name":"CaravanRepair\u00ae","url":"https:\/\/oud.caravanrepair.eu\/","logo":{"@type":"ImageObject","inLanguage":"fr-FR","@id":"https:\/\/oud.caravanrepair.eu\/#\/schema\/logo\/image\/","url":"https:\/\/oud.caravanrepair.eu\/wp-content\/uploads\/2019\/01\/logo-caravanrepair.png","contentUrl":"https:\/\/oud.caravanrepair.eu\/wp-content\/uploads\/2019\/01\/logo-caravanrepair.png","width":353,"height":150,"caption":"CaravanRepair\u00ae"},"image":{"@id":"https:\/\/oud.caravanrepair.eu\/#\/schema\/logo\/image\/"}},{"@type":"Person","@id":"https:\/\/oud.caravanrepair.eu\/#\/schema\/person\/38a21c9e1495759df9c209470c43295c","name":"Harry"}]}},"_links":{"self":[{"href":"https:\/\/oud.caravanrepair.eu\/fr\/wp-json\/wp\/v2\/posts\/10330","targetHints":{"allow":["GET"]}}],"collection":[{"href":"https:\/\/oud.caravanrepair.eu\/fr\/wp-json\/wp\/v2\/posts"}],"about":[{"href":"https:\/\/oud.caravanrepair.eu\/fr\/wp-json\/wp\/v2\/types\/post"}],"author":[{"embeddable":true,"href":"https:\/\/oud.caravanrepair.eu\/fr\/wp-json\/wp\/v2\/users\/3"}],"replies":[{"embeddable":true,"href":"https:\/\/oud.caravanrepair.eu\/fr\/wp-json\/wp\/v2\/comments?post=10330"}],"version-history":[{"count":0,"href":"https:\/\/oud.caravanrepair.eu\/fr\/wp-json\/wp\/v2\/posts\/10330\/revisions"}],"wp:featuredmedia":[{"embeddable":true,"href":"https:\/\/oud.caravanrepair.eu\/fr\/wp-json\/wp\/v2\/media\/8810"}],"wp:attachment":[{"href":"https:\/\/oud.caravanrepair.eu\/fr\/wp-json\/wp\/v2\/media?parent=10330"}],"wp:term":[{"taxonomy":"category","embeddable":true,"href":"https:\/\/oud.caravanrepair.eu\/fr\/wp-json\/wp\/v2\/categories?post=10330"},{"taxonomy":"post_tag","embeddable":true,"href":"https:\/\/oud.caravanrepair.eu\/fr\/wp-json\/wp\/v2\/tags?post=10330"}],"curies":[{"name":"wp","href":"https:\/\/api.w.org\/{rel}","templated":true}]}}