{"id":14536,"date":"2024-06-13T12:48:29","date_gmt":"2024-06-13T10:48:29","guid":{"rendered":"https:\/\/oud.caravanrepair.eu\/?p=14536"},"modified":"2025-09-10T10:30:52","modified_gmt":"2025-09-10T08:30:52","slug":"reparation-de-caravane-belgique","status":"publish","type":"post","link":"https:\/\/oud.caravanrepair.eu\/fr\/dealers-europa\/caravanrepair-belgie\/","title":{"rendered":"CaravanRepair Belgique"},"content":{"rendered":"<div data-elementor-type=\"wp-post\" data-elementor-id=\"14536\" class=\"elementor elementor-14536\" data-elementor-post-type=\"post\">\n\t\t\t\t\t\t<section class=\"elementor-section elementor-top-section elementor-element elementor-element-394c8e8e elementor-section-boxed elementor-section-height-default elementor-section-height-default\" data-id=\"394c8e8e\" data-element_type=\"section\" data-e-type=\"section\">\n\t\t\t\t\t\t<div class=\"elementor-container elementor-column-gap-default\">\n\t\t\t\t\t<div class=\"elementor-column elementor-col-100 elementor-top-column elementor-element elementor-element-1c465ab4\" data-id=\"1c465ab4\" data-element_type=\"column\" data-e-type=\"column\">\n\t\t\t<div class=\"elementor-widget-wrap elementor-element-populated\">\n\t\t\t\t\t\t<div class=\"elementor-element elementor-element-26c8b0af elementor-widget elementor-widget-text-editor\" data-id=\"26c8b0af\" data-element_type=\"widget\" data-e-type=\"widget\" data-widget_type=\"text-editor.default\">\n\t\t\t\t<div class=\"elementor-widget-container\">\n\t\t\t\t\t\t\t\t\t<h2>CaravanRepair : Les Professionnels de la r\u00e9paration des d\u00e9g\u00e2ts caravanes et camping-cars en Belgique<\/h2><p>En tant qu&#039;heureux propri\u00e9taire d&#039;une caravane ou d&#039;un camping-car (camper), vous souhaitez naturellement que votre v\u00e9hicule reste en parfait \u00e9tat. Malheureusement, des dommages peuvent survenir pour diverses causes, telles que des accidents, les conditions m\u00e9t\u00e9orologiques ou l&#039;usure. Dans de tels cas, il est essentiel de pouvoir compter sur un partenaire fiable et exp\u00e9riment\u00e9 pour une r\u00e9paration professionnelle des dommages. En Belgique, CaravanRepair est le sp\u00e9cialiste dans le domaine de la r\u00e9paration des d\u00e9g\u00e2ts caus\u00e9s aux caravanes et camping-cars (camper).<\/p><h3>Pourquoi CaravanRepair ?<\/h3><p>CaravanRepair se distingue par un certain nombre de facteurs importants\u00a0:<\/p><ul><li>Des ann\u00e9es d&#039;exp\u00e9rience dans la r\u00e9paration de divers types de dommages aux caravanes et camping-cars (camping-cars)<\/li><li>Utilisation de mat\u00e9riaux de haute qualit\u00e9 et de techniques avanc\u00e9es<\/li><li>Service rapide et efficace<\/li><li>Des collaborateurs experts qui r\u00e9fl\u00e9chissent avec vous<\/li><li>un bon r\u00e9seau de revendeurs o\u00f9 que vous soyez en Belgique<\/li><\/ul><h3>Dommages r\u00e9par\u00e9s par CaravanRepair<\/h3><p>Qu&#039;il s&#039;agisse d&#039;une petite bosse ou de dommages majeurs, CaravanRepair poss\u00e8de les connaissances et l&#039;exp\u00e9rience n\u00e9cessaires pour remettre votre caravane ou camping-car (camping-car) en parfait \u00e9tat. Certains dommages courants que nous r\u00e9parons sont\u00a0:<\/p><ul><li>d\u00e9g\u00e2ts de gr\u00eale\u00a0<\/li><li>Bosses et rayures sur le placage<\/li><li>dommages caus\u00e9s par des collisions<\/li><li>D\u00e9g\u00e2ts de la temp\u00eate<\/li><li>Fuites et dommages caus\u00e9s par l\u2019humidit\u00e9<\/li><li>Dommages \u00e0 l&#039;int\u00e9rieur\u00a0<\/li><\/ul><h3>Garantissez une r\u00e9paration rapide des dommages chez CaravanRepair Belgium<\/h3><p>Il est tentant de reporter pendant un certain temps des d\u00e9g\u00e2ts mineurs, mais cela peut en r\u00e9alit\u00e9 causer davantage de probl\u00e8mes \u00e0 long terme. En faisant r\u00e9parer les d\u00e9g\u00e2ts dans les meilleurs d\u00e9lais par CaravanRepair, vous b\u00e9n\u00e9ficiez de notre expertise<\/p><ul><li>\u00e9viter le pire\u00a0: des dommages mineurs peuvent rapidement se transformer en probl\u00e8mes plus importants<\/li><li>Maintient la valeur de votre caravane ou camping-car (camping-car)<\/li><li>Augmentez votre s\u00e9curit\u00e9 sur la route<\/li><\/ul><h3>Prenez rendez-vous imm\u00e9diatement, nous nous occuperons d&#039;organiser les d\u00e9g\u00e2ts.<\/h3><p>N&#039;attendez plus et faites r\u00e9parer votre caravane ou camping-car (camping-car) par les professionnels de CaravanRepair. Profitez de notre expertise en r\u00e9paration de sinistres.<\/p><h3>Agir d\u00e8s maintenant!<\/h3><p>Visitez le site web de CaravanRepair pour plus d'informations ou <a href=\"https:\/\/oud.caravanrepair.eu\/fr\/degats-de-camping-car-2\/\" target=\"_blank\" rel=\"noopener\"><em>Consultez \u00e9galement notre page principale sur les dommages aux camping-cars pour plus d&#039;informations sur des cas de dommages sp\u00e9cifiques. <\/em><\/a>\u00a0et prendre un rendez-vous pour la r\u00e9paration des dommages. Avec CaravanRepair, vous pouvez \u00eatre s\u00fbr que votre caravane ou votre camping-car bien-aim\u00e9 est entre de bonnes mains.<\/p><p><em><a href=\"https:\/\/oud.caravanrepair.eu\/fr\/contact-3\/\" target=\"_blank\" rel=\"noopener\">Veuillez remplir le formulaire imm\u00e9diatement afin que nous puissions commencer pour vous\u00a0!<\/a><\/em><\/p>\t\t\t\t\t\t\t\t<\/div>\n\t\t\t\t<\/div>\n\t\t\t\t<div class=\"elementor-element elementor-element-6c1c49da elementor-widget elementor-widget-global elementor-global-8511 elementor-widget-button\" data-id=\"6c1c49da\" data-element_type=\"widget\" data-e-type=\"widget\" data-widget_type=\"button.default\">\n\t\t\t\t<div class=\"elementor-widget-container\">\n\t\t\t\t\t\t\t\t\t<div class=\"elementor-button-wrapper\">\n\t\t\t\t\t<a class=\"elementor-button elementor-button-link elementor-size-sm\" href=\"https:\/\/oud.caravanrepair.eu\/fr\/antragsformular\/\">\n\t\t\t\t\t\t<span class=\"elementor-button-content-wrapper\">\n\t\t\t\t\t\t\t\t\t<span class=\"elementor-button-text\">Cliquez ici pour signaler imm\u00e9diatement les dommages\u00a0!<\/span>\n\t\t\t\t\t<\/span>\n\t\t\t\t\t<\/a>\n\t\t\t\t<\/div>\n\t\t\t\t\t\t\t\t<\/div>\n\t\t\t\t<\/div>\n\t\t\t\t\t<\/div>\n\t\t<\/div>\n\t\t\t\t\t<\/div>\n\t\t<\/section>\n\t\t\t\t<\/div>","protected":false},"excerpt":{"rendered":"<p>CaravanRepair : Les professionnels de la r\u00e9paration des dommages aux caravanes et camping-cars en Belgique En tant qu&#039;heureux propri\u00e9taire d&#039;une caravane ou d&#039;un camping-car (camping-car), vous souhaitez<\/p>","protected":false},"author":3,"featured_media":8861,"comment_status":"closed","ping_status":"closed","sticky":false,"template":"","format":"standard","meta":{"footnotes":""},"categories":[1793,1757],"tags":[],"class_list":["post-14536","post","type-post","status-publish","format-standard","has-post-thumbnail","hentry","category-belgie","category-dealers-europa"],"yoast_head":"<!-- This site is optimized with the Yoast SEO Premium plugin v27.5 (Yoast SEO v28.3) - https:\/\/yoast.com\/product\/yoast-seo-premium-wordpress\/ -->\n<title>CaravanRepair Belgi\u00eb<\/title>\n<meta name=\"description\" content=\"CaravanRepair Belgi\u00eb, D\u00e9 Profesionals in Caravan en Mobilhomes (Camper) Scahdeherstel voor heel Belgi\u00eb vertrouw op onze expertise en service\" \/>\n<meta name=\"robots\" content=\"noindex, follow, max-snippet:-1, max-image-preview:large, max-video-preview:-1\" \/>\n<meta property=\"og:locale\" content=\"fr_FR\" \/>\n<meta property=\"og:type\" content=\"article\" \/>\n<meta property=\"og:title\" content=\"CaravanRepair Belgi\u00eb\" \/>\n<meta property=\"og:description\" content=\"CaravanRepair Belgi\u00eb, D\u00e9 Profesionals in Caravan en Mobilhomes (Camper) Scahdeherstel voor heel Belgi\u00eb vertrouw op onze expertise en service\" \/>\n<meta property=\"og:url\" content=\"https:\/\/oud.caravanrepair.eu\/fr\/concessionnaires-europeens\/reparation-de-caravane-belgique\/\" \/>\n<meta property=\"og:site_name\" content=\"CaravanRepair\u00ae\" \/>\n<meta property=\"article:published_time\" content=\"2024-06-13T10:48:29+00:00\" \/>\n<meta property=\"article:modified_time\" content=\"2025-09-10T08:30:52+00:00\" \/>\n<meta property=\"og:image\" content=\"https:\/\/oud.caravanrepair.eu\/wp-content\/uploads\/2023\/11\/camper-van-on-road-near-hill-and-blue-sky-2.jpg\" \/>\n\t<meta property=\"og:image:width\" content=\"1920\" \/>\n\t<meta property=\"og:image:height\" content=\"1281\" \/>\n\t<meta property=\"og:image:type\" content=\"image\/jpeg\" \/>\n<meta name=\"author\" content=\"Harry\" \/>\n<meta name=\"twitter:card\" content=\"summary_large_image\" \/>\n<meta name=\"twitter:label1\" content=\"\u00c9crit par\" \/>\n\t<meta name=\"twitter:data1\" content=\"Harry\" \/>\n\t<meta name=\"twitter:label2\" content=\"Dur\u00e9e de lecture estim\u00e9e\" \/>\n\t<meta name=\"twitter:data2\" content=\"2 minutes\" \/>\n<script type=\"application\/ld+json\" class=\"yoast-schema-graph\">{\"@context\":\"https:\\\/\\\/schema.org\",\"@graph\":[{\"@type\":\"Article\",\"@id\":\"https:\\\/\\\/oud.caravanrepair.eu\\\/dealers-europa\\\/caravanrepair-belgie\\\/#article\",\"isPartOf\":{\"@id\":\"https:\\\/\\\/oud.caravanrepair.eu\\\/dealers-europa\\\/caravanrepair-belgie\\\/\"},\"author\":{\"name\":\"Harry\",\"@id\":\"https:\\\/\\\/oud.caravanrepair.eu\\\/#\\\/schema\\\/person\\\/38a21c9e1495759df9c209470c43295c\"},\"headline\":\"CaravanRepair Belgi\u00eb\",\"datePublished\":\"2024-06-13T10:48:29+00:00\",\"dateModified\":\"2025-09-10T08:30:52+00:00\",\"mainEntityOfPage\":{\"@id\":\"https:\\\/\\\/oud.caravanrepair.eu\\\/dealers-europa\\\/caravanrepair-belgie\\\/\"},\"wordCount\":355,\"publisher\":{\"@id\":\"https:\\\/\\\/oud.caravanrepair.eu\\\/#organization\"},\"image\":{\"@id\":\"https:\\\/\\\/oud.caravanrepair.eu\\\/dealers-europa\\\/caravanrepair-belgie\\\/#primaryimage\"},\"thumbnailUrl\":\"https:\\\/\\\/oud.caravanrepair.eu\\\/wp-content\\\/uploads\\\/2023\\\/11\\\/camper-van-on-road-near-hill-and-blue-sky-2.jpg\",\"articleSection\":[\"Belgi\u00eb\",\"Dealers Europa\"],\"inLanguage\":\"fr-FR\"},{\"@type\":\"WebPage\",\"@id\":\"https:\\\/\\\/oud.caravanrepair.eu\\\/dealers-europa\\\/caravanrepair-belgie\\\/\",\"url\":\"https:\\\/\\\/oud.caravanrepair.eu\\\/dealers-europa\\\/caravanrepair-belgie\\\/\",\"name\":\"CaravanRepair Belgi\u00eb\",\"isPartOf\":{\"@id\":\"https:\\\/\\\/oud.caravanrepair.eu\\\/#website\"},\"primaryImageOfPage\":{\"@id\":\"https:\\\/\\\/oud.caravanrepair.eu\\\/dealers-europa\\\/caravanrepair-belgie\\\/#primaryimage\"},\"image\":{\"@id\":\"https:\\\/\\\/oud.caravanrepair.eu\\\/dealers-europa\\\/caravanrepair-belgie\\\/#primaryimage\"},\"thumbnailUrl\":\"https:\\\/\\\/oud.caravanrepair.eu\\\/wp-content\\\/uploads\\\/2023\\\/11\\\/camper-van-on-road-near-hill-and-blue-sky-2.jpg\",\"datePublished\":\"2024-06-13T10:48:29+00:00\",\"dateModified\":\"2025-09-10T08:30:52+00:00\",\"description\":\"CaravanRepair Belgi\u00eb, D\u00e9 Profesionals in Caravan en Mobilhomes (Camper) Scahdeherstel voor heel Belgi\u00eb vertrouw op onze expertise en service\",\"breadcrumb\":{\"@id\":\"https:\\\/\\\/oud.caravanrepair.eu\\\/dealers-europa\\\/caravanrepair-belgie\\\/#breadcrumb\"},\"inLanguage\":\"fr-FR\",\"potentialAction\":[{\"@type\":\"ReadAction\",\"target\":[\"https:\\\/\\\/oud.caravanrepair.eu\\\/dealers-europa\\\/caravanrepair-belgie\\\/\"]}]},{\"@type\":\"ImageObject\",\"inLanguage\":\"fr-FR\",\"@id\":\"https:\\\/\\\/oud.caravanrepair.eu\\\/dealers-europa\\\/caravanrepair-belgie\\\/#primaryimage\",\"url\":\"https:\\\/\\\/oud.caravanrepair.eu\\\/wp-content\\\/uploads\\\/2023\\\/11\\\/camper-van-on-road-near-hill-and-blue-sky-2.jpg\",\"contentUrl\":\"https:\\\/\\\/oud.caravanrepair.eu\\\/wp-content\\\/uploads\\\/2023\\\/11\\\/camper-van-on-road-near-hill-and-blue-sky-2.jpg\",\"width\":1920,\"height\":1281,\"caption\":\"camper van on road near hill and blue sky\"},{\"@type\":\"BreadcrumbList\",\"@id\":\"https:\\\/\\\/oud.caravanrepair.eu\\\/dealers-europa\\\/caravanrepair-belgie\\\/#breadcrumb\",\"itemListElement\":[{\"@type\":\"ListItem\",\"position\":1,\"name\":\"Home\",\"item\":\"https:\\\/\\\/oud.caravanrepair.eu\\\/\"},{\"@type\":\"ListItem\",\"position\":2,\"name\":\"Dealers Europa\",\"item\":\"https:\\\/\\\/oud.caravanrepair.eu\\\/pl\\\/kategoria\\\/dealerzy-w-europie\\\/\"},{\"@type\":\"ListItem\",\"position\":3,\"name\":\"Belgi\u00eb\",\"item\":\"https:\\\/\\\/oud.caravanrepair.eu\\\/category\\\/dealers-europa\\\/belgie\\\/\"},{\"@type\":\"ListItem\",\"position\":4,\"name\":\"CaravanRepair Belgi\u00eb\"}]},{\"@type\":\"WebSite\",\"@id\":\"https:\\\/\\\/oud.caravanrepair.eu\\\/#website\",\"url\":\"https:\\\/\\\/oud.caravanrepair.eu\\\/\",\"name\":\"CaravanRepair\u00ae\",\"description\":\"Professioneel schadeherstel voor caravan en camper\",\"publisher\":{\"@id\":\"https:\\\/\\\/oud.caravanrepair.eu\\\/#organization\"},\"potentialAction\":[{\"@type\":\"SearchAction\",\"target\":{\"@type\":\"EntryPoint\",\"urlTemplate\":\"https:\\\/\\\/oud.caravanrepair.eu\\\/?s={search_term_string}\"},\"query-input\":{\"@type\":\"PropertyValueSpecification\",\"valueRequired\":true,\"valueName\":\"search_term_string\"}}],\"inLanguage\":\"fr-FR\"},{\"@type\":\"Organization\",\"@id\":\"https:\\\/\\\/oud.caravanrepair.eu\\\/#organization\",\"name\":\"CaravanRepair\u00ae\",\"url\":\"https:\\\/\\\/oud.caravanrepair.eu\\\/\",\"logo\":{\"@type\":\"ImageObject\",\"inLanguage\":\"fr-FR\",\"@id\":\"https:\\\/\\\/oud.caravanrepair.eu\\\/#\\\/schema\\\/logo\\\/image\\\/\",\"url\":\"https:\\\/\\\/oud.caravanrepair.eu\\\/wp-content\\\/uploads\\\/2019\\\/01\\\/logo-caravanrepair.png\",\"contentUrl\":\"https:\\\/\\\/oud.caravanrepair.eu\\\/wp-content\\\/uploads\\\/2019\\\/01\\\/logo-caravanrepair.png\",\"width\":353,\"height\":150,\"caption\":\"CaravanRepair\u00ae\"},\"image\":{\"@id\":\"https:\\\/\\\/oud.caravanrepair.eu\\\/#\\\/schema\\\/logo\\\/image\\\/\"}},{\"@type\":\"Person\",\"@id\":\"https:\\\/\\\/oud.caravanrepair.eu\\\/#\\\/schema\\\/person\\\/38a21c9e1495759df9c209470c43295c\",\"name\":\"Harry\"}]}<\/script>\n<!-- \/ Yoast SEO Premium plugin. -->","yoast_head_json":{"title":"CaravanRepair Belgique","description":"CaravanRepair Belgium, Les Professionnels de la Caravane et Mobilhomes (Camper) R\u00e9paration de sinistres pour toute la Belgique faites confiance \u00e0 notre expertise et notre service","robots":{"index":"noindex","follow":"follow","max-snippet":"max-snippet:-1","max-image-preview":"max-image-preview:large","max-video-preview":"max-video-preview:-1"},"og_locale":"fr_FR","og_type":"article","og_title":"CaravanRepair Belgi\u00eb","og_description":"CaravanRepair Belgi\u00eb, D\u00e9 Profesionals in Caravan en Mobilhomes (Camper) Scahdeherstel voor heel Belgi\u00eb vertrouw op onze expertise en service","og_url":"https:\/\/oud.caravanrepair.eu\/fr\/concessionnaires-europeens\/reparation-de-caravane-belgique\/","og_site_name":"CaravanRepair\u00ae","article_published_time":"2024-06-13T10:48:29+00:00","article_modified_time":"2025-09-10T08:30:52+00:00","og_image":[{"width":1920,"height":1281,"url":"https:\/\/oud.caravanrepair.eu\/wp-content\/uploads\/2023\/11\/camper-van-on-road-near-hill-and-blue-sky-2.jpg","type":"image\/jpeg"}],"author":"Harry","twitter_card":"summary_large_image","twitter_misc":{"\u00c9crit par":"Harry","Dur\u00e9e de lecture estim\u00e9e":"2 minutes"},"schema":{"@context":"https:\/\/schema.org","@graph":[{"@type":"Article","@id":"https:\/\/oud.caravanrepair.eu\/dealers-europa\/caravanrepair-belgie\/#article","isPartOf":{"@id":"https:\/\/oud.caravanrepair.eu\/dealers-europa\/caravanrepair-belgie\/"},"author":{"name":"Harry","@id":"https:\/\/oud.caravanrepair.eu\/#\/schema\/person\/38a21c9e1495759df9c209470c43295c"},"headline":"CaravanRepair Belgi\u00eb","datePublished":"2024-06-13T10:48:29+00:00","dateModified":"2025-09-10T08:30:52+00:00","mainEntityOfPage":{"@id":"https:\/\/oud.caravanrepair.eu\/dealers-europa\/caravanrepair-belgie\/"},"wordCount":355,"publisher":{"@id":"https:\/\/oud.caravanrepair.eu\/#organization"},"image":{"@id":"https:\/\/oud.caravanrepair.eu\/dealers-europa\/caravanrepair-belgie\/#primaryimage"},"thumbnailUrl":"https:\/\/oud.caravanrepair.eu\/wp-content\/uploads\/2023\/11\/camper-van-on-road-near-hill-and-blue-sky-2.jpg","articleSection":["Belgi\u00eb","Dealers Europa"],"inLanguage":"fr-FR"},{"@type":"WebPage","@id":"https:\/\/oud.caravanrepair.eu\/dealers-europa\/caravanrepair-belgie\/","url":"https:\/\/oud.caravanrepair.eu\/dealers-europa\/caravanrepair-belgie\/","name":"CaravanRepair Belgique","isPartOf":{"@id":"https:\/\/oud.caravanrepair.eu\/#website"},"primaryImageOfPage":{"@id":"https:\/\/oud.caravanrepair.eu\/dealers-europa\/caravanrepair-belgie\/#primaryimage"},"image":{"@id":"https:\/\/oud.caravanrepair.eu\/dealers-europa\/caravanrepair-belgie\/#primaryimage"},"thumbnailUrl":"https:\/\/oud.caravanrepair.eu\/wp-content\/uploads\/2023\/11\/camper-van-on-road-near-hill-and-blue-sky-2.jpg","datePublished":"2024-06-13T10:48:29+00:00","dateModified":"2025-09-10T08:30:52+00:00","description":"CaravanRepair Belgium, Les Professionnels de la Caravane et Mobilhomes (Camper) R\u00e9paration de sinistres pour toute la Belgique faites confiance \u00e0 notre expertise et notre service","breadcrumb":{"@id":"https:\/\/oud.caravanrepair.eu\/dealers-europa\/caravanrepair-belgie\/#breadcrumb"},"inLanguage":"fr-FR","potentialAction":[{"@type":"ReadAction","target":["https:\/\/oud.caravanrepair.eu\/dealers-europa\/caravanrepair-belgie\/"]}]},{"@type":"ImageObject","inLanguage":"fr-FR","@id":"https:\/\/oud.caravanrepair.eu\/dealers-europa\/caravanrepair-belgie\/#primaryimage","url":"https:\/\/oud.caravanrepair.eu\/wp-content\/uploads\/2023\/11\/camper-van-on-road-near-hill-and-blue-sky-2.jpg","contentUrl":"https:\/\/oud.caravanrepair.eu\/wp-content\/uploads\/2023\/11\/camper-van-on-road-near-hill-and-blue-sky-2.jpg","width":1920,"height":1281,"caption":"camper van on road near hill and blue sky"},{"@type":"BreadcrumbList","@id":"https:\/\/oud.caravanrepair.eu\/dealers-europa\/caravanrepair-belgie\/#breadcrumb","itemListElement":[{"@type":"ListItem","position":1,"name":"Home","item":"https:\/\/oud.caravanrepair.eu\/"},{"@type":"ListItem","position":2,"name":"Dealers Europa","item":"https:\/\/oud.caravanrepair.eu\/pl\/kategoria\/dealerzy-w-europie\/"},{"@type":"ListItem","position":3,"name":"Belgi\u00eb","item":"https:\/\/oud.caravanrepair.eu\/category\/dealers-europa\/belgie\/"},{"@type":"ListItem","position":4,"name":"CaravanRepair Belgi\u00eb"}]},{"@type":"WebSite","@id":"https:\/\/oud.caravanrepair.eu\/#website","url":"https:\/\/oud.caravanrepair.eu\/","name":"CaravanRepair\u00ae","description":"R\u00e9paration professionnelle de dommages pour caravane et camping-car","publisher":{"@id":"https:\/\/oud.caravanrepair.eu\/#organization"},"potentialAction":[{"@type":"SearchAction","target":{"@type":"EntryPoint","urlTemplate":"https:\/\/oud.caravanrepair.eu\/?s={search_term_string}"},"query-input":{"@type":"PropertyValueSpecification","valueRequired":true,"valueName":"search_term_string"}}],"inLanguage":"fr-FR"},{"@type":"Organization","@id":"https:\/\/oud.caravanrepair.eu\/#organization","name":"CaravanRepair\u00ae","url":"https:\/\/oud.caravanrepair.eu\/","logo":{"@type":"ImageObject","inLanguage":"fr-FR","@id":"https:\/\/oud.caravanrepair.eu\/#\/schema\/logo\/image\/","url":"https:\/\/oud.caravanrepair.eu\/wp-content\/uploads\/2019\/01\/logo-caravanrepair.png","contentUrl":"https:\/\/oud.caravanrepair.eu\/wp-content\/uploads\/2019\/01\/logo-caravanrepair.png","width":353,"height":150,"caption":"CaravanRepair\u00ae"},"image":{"@id":"https:\/\/oud.caravanrepair.eu\/#\/schema\/logo\/image\/"}},{"@type":"Person","@id":"https:\/\/oud.caravanrepair.eu\/#\/schema\/person\/38a21c9e1495759df9c209470c43295c","name":"Harry"}]}},"_links":{"self":[{"href":"https:\/\/oud.caravanrepair.eu\/fr\/wp-json\/wp\/v2\/posts\/14536","targetHints":{"allow":["GET"]}}],"collection":[{"href":"https:\/\/oud.caravanrepair.eu\/fr\/wp-json\/wp\/v2\/posts"}],"about":[{"href":"https:\/\/oud.caravanrepair.eu\/fr\/wp-json\/wp\/v2\/types\/post"}],"author":[{"embeddable":true,"href":"https:\/\/oud.caravanrepair.eu\/fr\/wp-json\/wp\/v2\/users\/3"}],"replies":[{"embeddable":true,"href":"https:\/\/oud.caravanrepair.eu\/fr\/wp-json\/wp\/v2\/comments?post=14536"}],"version-history":[{"count":0,"href":"https:\/\/oud.caravanrepair.eu\/fr\/wp-json\/wp\/v2\/posts\/14536\/revisions"}],"wp:featuredmedia":[{"embeddable":true,"href":"https:\/\/oud.caravanrepair.eu\/fr\/wp-json\/wp\/v2\/media\/8861"}],"wp:attachment":[{"href":"https:\/\/oud.caravanrepair.eu\/fr\/wp-json\/wp\/v2\/media?parent=14536"}],"wp:term":[{"taxonomy":"category","embeddable":true,"href":"https:\/\/oud.caravanrepair.eu\/fr\/wp-json\/wp\/v2\/categories?post=14536"},{"taxonomy":"post_tag","embeddable":true,"href":"https:\/\/oud.caravanrepair.eu\/fr\/wp-json\/wp\/v2\/tags?post=14536"}],"curies":[{"name":"wp","href":"https:\/\/api.w.org\/{rel}","templated":true}]}}