{"id":8525,"date":"2023-10-03T18:40:39","date_gmt":"2023-10-03T16:40:39","guid":{"rendered":"https:\/\/oud.caravanrepair.eu\/?p=8525"},"modified":"2025-09-10T11:10:36","modified_gmt":"2025-09-10T09:10:36","slug":"degats-causes-par-la-tempete-a-votre-camping-car-ou-caravane","status":"publish","type":"post","link":"https:\/\/oud.caravanrepair.eu\/fr\/schade-aan-camper-of-caravan\/stormschade-aan-uw-caravan-of-camper\/","title":{"rendered":"Des d\u00e9g\u00e2ts caus\u00e9s par la temp\u00eate \u00e0 votre caravane ou camping-car ?"},"content":{"rendered":"<div data-elementor-type=\"wp-post\" data-elementor-id=\"8525\" class=\"elementor elementor-8525\" data-elementor-post-type=\"post\">\n\t\t\t\t\t\t<section class=\"elementor-section elementor-top-section elementor-element elementor-element-8c36217 elementor-section-boxed elementor-section-height-default elementor-section-height-default\" data-id=\"8c36217\" data-element_type=\"section\" data-e-type=\"section\">\n\t\t\t\t\t\t<div class=\"elementor-container elementor-column-gap-default\">\n\t\t\t\t\t<div class=\"elementor-column elementor-col-100 elementor-top-column elementor-element elementor-element-08a8a9c\" data-id=\"08a8a9c\" data-element_type=\"column\" data-e-type=\"column\">\n\t\t\t<div class=\"elementor-widget-wrap elementor-element-populated\">\n\t\t\t\t\t\t<div class=\"elementor-element elementor-element-d53f82f elementor-widget elementor-widget-text-editor\" data-id=\"d53f82f\" data-element_type=\"widget\" data-e-type=\"widget\" data-widget_type=\"text-editor.default\">\n\t\t\t\t<div class=\"elementor-widget-container\">\n\t\t\t\t\t\t\t\t\t<h1><strong>Dommages caus\u00e9s par la temp\u00eate \u00e0 une caravane ou un camping-car\u00a0: CaravanRepair aide imm\u00e9diatement.<\/strong><\/h1><p>Une temp\u00eate peut non seulement causer des dommages physiques \u00e0 votre caravane, mais \u00e9galement affecter sa valeur. Cependant, une caravane bien r\u00e9par\u00e9e conserve mieux sa valeur qu\u2019une caravane pr\u00e9sentant des signes visibles de dommages. Dans ce blog, nous discutons de l&#039;importance d&#039;une r\u00e9cup\u00e9ration professionnelle apr\u00e8s des d\u00e9g\u00e2ts caus\u00e9s par une temp\u00eate et de la mani\u00e8re dont CaravanRepair peut vous aider.<\/p><h3><strong>L\u2019impact des d\u00e9g\u00e2ts caus\u00e9s par la temp\u00eate sur la valeur<\/strong><\/h3><p>Tout dommage caus\u00e9 \u00e0 votre caravane, aussi mineur soit-il, peut r\u00e9duire sa valeur de revente. Les acheteurs potentiels sont souvent r\u00e9ticents \u00e0 acheter une caravane endommag\u00e9e, m\u00eame si les d\u00e9g\u00e2ts sont superficiels.<\/p><h3><strong>L\u2019importance d\u2019une r\u00e9paration professionnelle des d\u00e9g\u00e2ts caus\u00e9s par la temp\u00eate sur une caravane ou un camping-car<\/strong><\/h3><p>La r\u00e9paration professionnelle des dommages caus\u00e9s par la temp\u00eate \u00e0 votre caravane ou camping-car garantit que votre caravane ou camping-car est non seulement esth\u00e9tiquement mais aussi structurellement en parfait \u00e9tat. Cela permet de maintenir la valeur de votre caravane \u00e0 long terme.<\/p><h3><strong>Comment CaravanRepair vous aide imm\u00e9diatement en cas de dommages caus\u00e9s \u00e0 votre caravane par la temp\u00eate<\/strong><\/h3><p>Le groupe CaravanRepair est compos\u00e9 de r\u00e9parateurs reconnus et sp\u00e9cialis\u00e9s dans la r\u00e9paration de caravanes. Ces professionnels veilleront \u00e0 ce que votre caravane soit r\u00e9par\u00e9e selon les normes les plus \u00e9lev\u00e9es, pr\u00e9servant ainsi la valeur de votre v\u00e9hicule. <a href=\"https:\/\/oud.caravanrepair.eu\/fr\/reparation-de-caravane\/\" target=\"_blank\" rel=\"noopener\">\ud83d\udd17\u00a0<em>Consultez \u00e9galement notre page principale de r\u00e9paration de caravanes pour plus d&#039;informations sur des cas de dommages sp\u00e9cifiques.<\/em><\/a><\/p><h3><strong>La vitesse est essentielle<\/strong><\/h3><p>Plus t\u00f4t vous agirez apr\u00e8s avoir d\u00e9couvert des dommages, mieux ce sera. Tout retard peut entra\u00eener des complications et des co\u00fbts suppl\u00e9mentaires. CaravanRepair.eu propose un service rapide et efficace, afin que votre caravane soit r\u00e9par\u00e9e le plus rapidement possible.<\/p><h3><strong>Conclusion<\/strong><\/h3><p>Les dommages caus\u00e9s par la temp\u00eate \u00e0 une caravane ou un camping-car sont plus qu&#039;un simple probl\u00e8me esth\u00e9tique ; cela peut \u00e9galement affecter la valeur de votre caravane. En choisissant une r\u00e9paration professionnelle via CaravanRepair.eu, vous vous assurez que votre caravane conserve sa valeur et que vous pourrez reprendre la route l&#039;esprit tranquille.<\/p><p><em>Votre caravane a-t-elle \u00e9t\u00e9 endommag\u00e9e par une temp\u00eate ? <a href=\"https:\/\/oud.caravanrepair.eu\/fr\/antragsformular\/\" target=\"_blank\" rel=\"noopener\">Dans ce cas, signalez imm\u00e9diatement l'incident et d\u00e9clarez vos dommages en ligne !<\/a><\/em><\/p>\t\t\t\t\t\t\t\t<\/div>\n\t\t\t\t<\/div>\n\t\t\t\t<div class=\"elementor-element elementor-element-440e6ee elementor-widget elementor-widget-global elementor-global-8511 elementor-widget-button\" data-id=\"440e6ee\" data-element_type=\"widget\" data-e-type=\"widget\" data-widget_type=\"button.default\">\n\t\t\t\t<div class=\"elementor-widget-container\">\n\t\t\t\t\t\t\t\t\t<div class=\"elementor-button-wrapper\">\n\t\t\t\t\t<a class=\"elementor-button elementor-button-link elementor-size-sm\" href=\"https:\/\/oud.caravanrepair.eu\/fr\/antragsformular\/\">\n\t\t\t\t\t\t<span class=\"elementor-button-content-wrapper\">\n\t\t\t\t\t\t\t\t\t<span class=\"elementor-button-text\">Cliquez ici pour signaler imm\u00e9diatement les dommages\u00a0!<\/span>\n\t\t\t\t\t<\/span>\n\t\t\t\t\t<\/a>\n\t\t\t\t<\/div>\n\t\t\t\t\t\t\t\t<\/div>\n\t\t\t\t<\/div>\n\t\t\t\t\t<\/div>\n\t\t<\/div>\n\t\t\t\t\t<\/div>\n\t\t<\/section>\n\t\t\t\t<section class=\"elementor-section elementor-top-section elementor-element elementor-element-4eddb91 elementor-section-boxed elementor-section-height-default elementor-section-height-default\" data-id=\"4eddb91\" data-element_type=\"section\" data-e-type=\"section\">\n\t\t\t\t\t\t<div class=\"elementor-container elementor-column-gap-default\">\n\t\t\t\t\t<div class=\"elementor-column elementor-col-100 elementor-top-column elementor-element elementor-element-fc187c0\" data-id=\"fc187c0\" data-element_type=\"column\" data-e-type=\"column\">\n\t\t\t<div class=\"elementor-widget-wrap elementor-element-populated\">\n\t\t\t\t\t\t<div class=\"elementor-element elementor-element-50bede7 elementor-widget elementor-widget-text-editor\" data-id=\"50bede7\" data-element_type=\"widget\" data-e-type=\"widget\" data-widget_type=\"text-editor.default\">\n\t\t\t\t<div class=\"elementor-widget-container\">\n\t\t\t\t\t\t\t\t\t<p><a href=\"https:\/\/oud.caravanrepair.eu\/fr\/\" target=\"_blank\" rel=\"noopener\">Cliquez ici pour retourner \u00e0 la page d&#039;accueil.<\/a><\/p>\t\t\t\t\t\t\t\t<\/div>\n\t\t\t\t<\/div>\n\t\t\t\t\t<\/div>\n\t\t<\/div>\n\t\t\t\t\t<\/div>\n\t\t<\/section>\n\t\t\t\t<\/div>","protected":false},"excerpt":{"rendered":"<p>Une temp\u00eate peut non seulement causer des dommages physiques \u00e0 votre caravane, mais \u00e9galement affecter sa valeur. Cependant, une caravane bien r\u00e9par\u00e9e conserve mieux sa valeur qu\u2019une caravane pr\u00e9sentant des signes visibles de dommages. Dans ce blog, nous discutons de l&#039;importance d&#039;une r\u00e9paration professionnelle apr\u00e8s une temp\u00eate et de la mani\u00e8re dont CaravanRepair.eu peut vous aider.<\/p>","protected":false},"author":5,"featured_media":3964,"comment_status":"closed","ping_status":"open","sticky":false,"template":"","format":"standard","meta":{"footnotes":""},"categories":[1754],"tags":[],"class_list":["post-8525","post","type-post","status-publish","format-standard","has-post-thumbnail","hentry","category-schade-aan-camper-of-caravan"],"yoast_head":"<!-- This site is optimized with the Yoast SEO Premium plugin v27.5 (Yoast SEO v28.3) - https:\/\/yoast.com\/product\/yoast-seo-premium-wordpress\/ -->\n<title>Stormschade caravan.<\/title>\n<meta name=\"description\" content=\"Stormschade aan uw caravan of camper? CaravanRepair help u direct, professioneel en vakkundig. Wij nemen alle zorg voor u uit handen.\" \/>\n<meta name=\"robots\" content=\"noindex, follow, max-snippet:-1, max-image-preview:large, max-video-preview:-1\" \/>\n<meta property=\"og:locale\" content=\"fr_FR\" \/>\n<meta property=\"og:type\" content=\"article\" \/>\n<meta property=\"og:title\" content=\"Stormschade aan uw caravan of camper?\" \/>\n<meta property=\"og:description\" content=\"Stormschade aan uw caravan of camper? CaravanRepair help u direct, professioneel en vakkundig. Wij nemen alle zorg voor u uit handen.\" \/>\n<meta property=\"og:url\" content=\"https:\/\/oud.caravanrepair.eu\/fr\/dommages-au-camping-car-ou-a-la-caravane\/degats-causes-par-la-tempete-a-votre-camping-car-ou-caravane\/\" \/>\n<meta property=\"og:site_name\" content=\"CaravanRepair\u00ae\" \/>\n<meta property=\"article:published_time\" content=\"2023-10-03T16:40:39+00:00\" \/>\n<meta property=\"article:modified_time\" content=\"2025-09-10T09:10:36+00:00\" \/>\n<meta property=\"og:image\" content=\"https:\/\/oud.caravanrepair.eu\/wp-content\/uploads\/2019\/01\/caravanschade-1.jpg\" \/>\n\t<meta property=\"og:image:width\" content=\"726\" \/>\n\t<meta property=\"og:image:height\" content=\"484\" \/>\n\t<meta property=\"og:image:type\" content=\"image\/jpeg\" \/>\n<meta name=\"author\" content=\"robin\" \/>\n<meta name=\"twitter:card\" content=\"summary_large_image\" \/>\n<meta name=\"twitter:label1\" content=\"\u00c9crit par\" \/>\n\t<meta name=\"twitter:data1\" content=\"robin\" \/>\n\t<meta name=\"twitter:label2\" content=\"Dur\u00e9e de lecture estim\u00e9e\" \/>\n\t<meta name=\"twitter:data2\" content=\"2 minutes\" \/>\n<script type=\"application\/ld+json\" class=\"yoast-schema-graph\">{\"@context\":\"https:\\\/\\\/schema.org\",\"@graph\":[{\"@type\":\"Article\",\"@id\":\"https:\\\/\\\/oud.caravanrepair.eu\\\/schade-aan-camper-of-caravan\\\/stormschade-aan-uw-caravan-of-camper\\\/#article\",\"isPartOf\":{\"@id\":\"https:\\\/\\\/oud.caravanrepair.eu\\\/schade-aan-camper-of-caravan\\\/stormschade-aan-uw-caravan-of-camper\\\/\"},\"author\":{\"name\":\"robin\",\"@id\":\"https:\\\/\\\/oud.caravanrepair.eu\\\/#\\\/schema\\\/person\\\/3d6951fb909de71414ea25dc46e82b07\"},\"headline\":\"Stormschade aan uw caravan of camper?\",\"datePublished\":\"2023-10-03T16:40:39+00:00\",\"dateModified\":\"2025-09-10T09:10:36+00:00\",\"mainEntityOfPage\":{\"@id\":\"https:\\\/\\\/oud.caravanrepair.eu\\\/schade-aan-camper-of-caravan\\\/stormschade-aan-uw-caravan-of-camper\\\/\"},\"wordCount\":511,\"publisher\":{\"@id\":\"https:\\\/\\\/oud.caravanrepair.eu\\\/#organization\"},\"image\":{\"@id\":\"https:\\\/\\\/oud.caravanrepair.eu\\\/schade-aan-camper-of-caravan\\\/stormschade-aan-uw-caravan-of-camper\\\/#primaryimage\"},\"thumbnailUrl\":\"https:\\\/\\\/oud.caravanrepair.eu\\\/wp-content\\\/uploads\\\/2019\\\/01\\\/caravanschade-1.jpg\",\"articleSection\":[\"Schade aan camper of caravan\"],\"inLanguage\":\"fr-FR\"},{\"@type\":\"WebPage\",\"@id\":\"https:\\\/\\\/oud.caravanrepair.eu\\\/schade-aan-camper-of-caravan\\\/stormschade-aan-uw-caravan-of-camper\\\/\",\"url\":\"https:\\\/\\\/oud.caravanrepair.eu\\\/schade-aan-camper-of-caravan\\\/stormschade-aan-uw-caravan-of-camper\\\/\",\"name\":\"Stormschade caravan.\",\"isPartOf\":{\"@id\":\"https:\\\/\\\/oud.caravanrepair.eu\\\/#website\"},\"primaryImageOfPage\":{\"@id\":\"https:\\\/\\\/oud.caravanrepair.eu\\\/schade-aan-camper-of-caravan\\\/stormschade-aan-uw-caravan-of-camper\\\/#primaryimage\"},\"image\":{\"@id\":\"https:\\\/\\\/oud.caravanrepair.eu\\\/schade-aan-camper-of-caravan\\\/stormschade-aan-uw-caravan-of-camper\\\/#primaryimage\"},\"thumbnailUrl\":\"https:\\\/\\\/oud.caravanrepair.eu\\\/wp-content\\\/uploads\\\/2019\\\/01\\\/caravanschade-1.jpg\",\"datePublished\":\"2023-10-03T16:40:39+00:00\",\"dateModified\":\"2025-09-10T09:10:36+00:00\",\"description\":\"Stormschade aan uw caravan of camper? CaravanRepair help u direct, professioneel en vakkundig. Wij nemen alle zorg voor u uit handen.\",\"breadcrumb\":{\"@id\":\"https:\\\/\\\/oud.caravanrepair.eu\\\/schade-aan-camper-of-caravan\\\/stormschade-aan-uw-caravan-of-camper\\\/#breadcrumb\"},\"inLanguage\":\"fr-FR\",\"potentialAction\":[{\"@type\":\"ReadAction\",\"target\":[\"https:\\\/\\\/oud.caravanrepair.eu\\\/schade-aan-camper-of-caravan\\\/stormschade-aan-uw-caravan-of-camper\\\/\"]}]},{\"@type\":\"ImageObject\",\"inLanguage\":\"fr-FR\",\"@id\":\"https:\\\/\\\/oud.caravanrepair.eu\\\/schade-aan-camper-of-caravan\\\/stormschade-aan-uw-caravan-of-camper\\\/#primaryimage\",\"url\":\"https:\\\/\\\/oud.caravanrepair.eu\\\/wp-content\\\/uploads\\\/2019\\\/01\\\/caravanschade-1.jpg\",\"contentUrl\":\"https:\\\/\\\/oud.caravanrepair.eu\\\/wp-content\\\/uploads\\\/2019\\\/01\\\/caravanschade-1.jpg\",\"width\":726,\"height\":484,\"caption\":\"Uszkodzenie przodu przyczepy kempingowej\"},{\"@type\":\"BreadcrumbList\",\"@id\":\"https:\\\/\\\/oud.caravanrepair.eu\\\/schade-aan-camper-of-caravan\\\/stormschade-aan-uw-caravan-of-camper\\\/#breadcrumb\",\"itemListElement\":[{\"@type\":\"ListItem\",\"position\":1,\"name\":\"Home\",\"item\":\"https:\\\/\\\/oud.caravanrepair.eu\\\/\"},{\"@type\":\"ListItem\",\"position\":2,\"name\":\"Schade aan camper of caravan\",\"item\":\"https:\\\/\\\/oud.caravanrepair.eu\\\/category\\\/schade-aan-camper-of-caravan\\\/\"},{\"@type\":\"ListItem\",\"position\":3,\"name\":\"Stormschade aan uw caravan of camper?\"}]},{\"@type\":\"WebSite\",\"@id\":\"https:\\\/\\\/oud.caravanrepair.eu\\\/#website\",\"url\":\"https:\\\/\\\/oud.caravanrepair.eu\\\/\",\"name\":\"CaravanRepair\u00ae\",\"description\":\"Professioneel schadeherstel voor caravan en camper\",\"publisher\":{\"@id\":\"https:\\\/\\\/oud.caravanrepair.eu\\\/#organization\"},\"potentialAction\":[{\"@type\":\"SearchAction\",\"target\":{\"@type\":\"EntryPoint\",\"urlTemplate\":\"https:\\\/\\\/oud.caravanrepair.eu\\\/?s={search_term_string}\"},\"query-input\":{\"@type\":\"PropertyValueSpecification\",\"valueRequired\":true,\"valueName\":\"search_term_string\"}}],\"inLanguage\":\"fr-FR\"},{\"@type\":\"Organization\",\"@id\":\"https:\\\/\\\/oud.caravanrepair.eu\\\/#organization\",\"name\":\"CaravanRepair\u00ae\",\"url\":\"https:\\\/\\\/oud.caravanrepair.eu\\\/\",\"logo\":{\"@type\":\"ImageObject\",\"inLanguage\":\"fr-FR\",\"@id\":\"https:\\\/\\\/oud.caravanrepair.eu\\\/#\\\/schema\\\/logo\\\/image\\\/\",\"url\":\"https:\\\/\\\/oud.caravanrepair.eu\\\/wp-content\\\/uploads\\\/2019\\\/01\\\/logo-caravanrepair.png\",\"contentUrl\":\"https:\\\/\\\/oud.caravanrepair.eu\\\/wp-content\\\/uploads\\\/2019\\\/01\\\/logo-caravanrepair.png\",\"width\":353,\"height\":150,\"caption\":\"CaravanRepair\u00ae\"},\"image\":{\"@id\":\"https:\\\/\\\/oud.caravanrepair.eu\\\/#\\\/schema\\\/logo\\\/image\\\/\"}},{\"@type\":\"Person\",\"@id\":\"https:\\\/\\\/oud.caravanrepair.eu\\\/#\\\/schema\\\/person\\\/3d6951fb909de71414ea25dc46e82b07\",\"name\":\"robin\"}]}<\/script>\n<!-- \/ Yoast SEO Premium plugin. -->","yoast_head_json":{"title":"Caravane endommag\u00e9e par la temp\u00eate.","description":"Des d\u00e9g\u00e2ts caus\u00e9s par la temp\u00eate \u00e0 votre caravane ou camping-car ? CaravanRepair vous aidera imm\u00e9diatement, professionnellement et de mani\u00e8re experte. Nous nous occupons de tout pour vous.","robots":{"index":"noindex","follow":"follow","max-snippet":"max-snippet:-1","max-image-preview":"max-image-preview:large","max-video-preview":"max-video-preview:-1"},"og_locale":"fr_FR","og_type":"article","og_title":"Stormschade aan uw caravan of camper?","og_description":"Stormschade aan uw caravan of camper? CaravanRepair help u direct, professioneel en vakkundig. Wij nemen alle zorg voor u uit handen.","og_url":"https:\/\/oud.caravanrepair.eu\/fr\/dommages-au-camping-car-ou-a-la-caravane\/degats-causes-par-la-tempete-a-votre-camping-car-ou-caravane\/","og_site_name":"CaravanRepair\u00ae","article_published_time":"2023-10-03T16:40:39+00:00","article_modified_time":"2025-09-10T09:10:36+00:00","og_image":[{"width":726,"height":484,"url":"https:\/\/oud.caravanrepair.eu\/wp-content\/uploads\/2019\/01\/caravanschade-1.jpg","type":"image\/jpeg"}],"author":"robin","twitter_card":"summary_large_image","twitter_misc":{"\u00c9crit par":"robin","Dur\u00e9e de lecture estim\u00e9e":"2 minutes"},"schema":{"@context":"https:\/\/schema.org","@graph":[{"@type":"Article","@id":"https:\/\/oud.caravanrepair.eu\/schade-aan-camper-of-caravan\/stormschade-aan-uw-caravan-of-camper\/#article","isPartOf":{"@id":"https:\/\/oud.caravanrepair.eu\/schade-aan-camper-of-caravan\/stormschade-aan-uw-caravan-of-camper\/"},"author":{"name":"robin","@id":"https:\/\/oud.caravanrepair.eu\/#\/schema\/person\/3d6951fb909de71414ea25dc46e82b07"},"headline":"Stormschade aan uw caravan of camper?","datePublished":"2023-10-03T16:40:39+00:00","dateModified":"2025-09-10T09:10:36+00:00","mainEntityOfPage":{"@id":"https:\/\/oud.caravanrepair.eu\/schade-aan-camper-of-caravan\/stormschade-aan-uw-caravan-of-camper\/"},"wordCount":511,"publisher":{"@id":"https:\/\/oud.caravanrepair.eu\/#organization"},"image":{"@id":"https:\/\/oud.caravanrepair.eu\/schade-aan-camper-of-caravan\/stormschade-aan-uw-caravan-of-camper\/#primaryimage"},"thumbnailUrl":"https:\/\/oud.caravanrepair.eu\/wp-content\/uploads\/2019\/01\/caravanschade-1.jpg","articleSection":["Schade aan camper of caravan"],"inLanguage":"fr-FR"},{"@type":"WebPage","@id":"https:\/\/oud.caravanrepair.eu\/schade-aan-camper-of-caravan\/stormschade-aan-uw-caravan-of-camper\/","url":"https:\/\/oud.caravanrepair.eu\/schade-aan-camper-of-caravan\/stormschade-aan-uw-caravan-of-camper\/","name":"Caravane endommag\u00e9e par la temp\u00eate.","isPartOf":{"@id":"https:\/\/oud.caravanrepair.eu\/#website"},"primaryImageOfPage":{"@id":"https:\/\/oud.caravanrepair.eu\/schade-aan-camper-of-caravan\/stormschade-aan-uw-caravan-of-camper\/#primaryimage"},"image":{"@id":"https:\/\/oud.caravanrepair.eu\/schade-aan-camper-of-caravan\/stormschade-aan-uw-caravan-of-camper\/#primaryimage"},"thumbnailUrl":"https:\/\/oud.caravanrepair.eu\/wp-content\/uploads\/2019\/01\/caravanschade-1.jpg","datePublished":"2023-10-03T16:40:39+00:00","dateModified":"2025-09-10T09:10:36+00:00","description":"Des d\u00e9g\u00e2ts caus\u00e9s par la temp\u00eate \u00e0 votre caravane ou camping-car ? CaravanRepair vous aidera imm\u00e9diatement, professionnellement et de mani\u00e8re experte. Nous nous occupons de tout pour vous.","breadcrumb":{"@id":"https:\/\/oud.caravanrepair.eu\/schade-aan-camper-of-caravan\/stormschade-aan-uw-caravan-of-camper\/#breadcrumb"},"inLanguage":"fr-FR","potentialAction":[{"@type":"ReadAction","target":["https:\/\/oud.caravanrepair.eu\/schade-aan-camper-of-caravan\/stormschade-aan-uw-caravan-of-camper\/"]}]},{"@type":"ImageObject","inLanguage":"fr-FR","@id":"https:\/\/oud.caravanrepair.eu\/schade-aan-camper-of-caravan\/stormschade-aan-uw-caravan-of-camper\/#primaryimage","url":"https:\/\/oud.caravanrepair.eu\/wp-content\/uploads\/2019\/01\/caravanschade-1.jpg","contentUrl":"https:\/\/oud.caravanrepair.eu\/wp-content\/uploads\/2019\/01\/caravanschade-1.jpg","width":726,"height":484,"caption":"Uszkodzenie przodu przyczepy kempingowej"},{"@type":"BreadcrumbList","@id":"https:\/\/oud.caravanrepair.eu\/schade-aan-camper-of-caravan\/stormschade-aan-uw-caravan-of-camper\/#breadcrumb","itemListElement":[{"@type":"ListItem","position":1,"name":"Home","item":"https:\/\/oud.caravanrepair.eu\/"},{"@type":"ListItem","position":2,"name":"Schade aan camper of caravan","item":"https:\/\/oud.caravanrepair.eu\/category\/schade-aan-camper-of-caravan\/"},{"@type":"ListItem","position":3,"name":"Stormschade aan uw caravan of camper?"}]},{"@type":"WebSite","@id":"https:\/\/oud.caravanrepair.eu\/#website","url":"https:\/\/oud.caravanrepair.eu\/","name":"CaravanRepair\u00ae","description":"R\u00e9paration professionnelle de dommages pour caravane et camping-car","publisher":{"@id":"https:\/\/oud.caravanrepair.eu\/#organization"},"potentialAction":[{"@type":"SearchAction","target":{"@type":"EntryPoint","urlTemplate":"https:\/\/oud.caravanrepair.eu\/?s={search_term_string}"},"query-input":{"@type":"PropertyValueSpecification","valueRequired":true,"valueName":"search_term_string"}}],"inLanguage":"fr-FR"},{"@type":"Organization","@id":"https:\/\/oud.caravanrepair.eu\/#organization","name":"CaravanRepair\u00ae","url":"https:\/\/oud.caravanrepair.eu\/","logo":{"@type":"ImageObject","inLanguage":"fr-FR","@id":"https:\/\/oud.caravanrepair.eu\/#\/schema\/logo\/image\/","url":"https:\/\/oud.caravanrepair.eu\/wp-content\/uploads\/2019\/01\/logo-caravanrepair.png","contentUrl":"https:\/\/oud.caravanrepair.eu\/wp-content\/uploads\/2019\/01\/logo-caravanrepair.png","width":353,"height":150,"caption":"CaravanRepair\u00ae"},"image":{"@id":"https:\/\/oud.caravanrepair.eu\/#\/schema\/logo\/image\/"}},{"@type":"Person","@id":"https:\/\/oud.caravanrepair.eu\/#\/schema\/person\/3d6951fb909de71414ea25dc46e82b07","name":"rouge-gorge"}]}},"_links":{"self":[{"href":"https:\/\/oud.caravanrepair.eu\/fr\/wp-json\/wp\/v2\/posts\/8525","targetHints":{"allow":["GET"]}}],"collection":[{"href":"https:\/\/oud.caravanrepair.eu\/fr\/wp-json\/wp\/v2\/posts"}],"about":[{"href":"https:\/\/oud.caravanrepair.eu\/fr\/wp-json\/wp\/v2\/types\/post"}],"author":[{"embeddable":true,"href":"https:\/\/oud.caravanrepair.eu\/fr\/wp-json\/wp\/v2\/users\/5"}],"replies":[{"embeddable":true,"href":"https:\/\/oud.caravanrepair.eu\/fr\/wp-json\/wp\/v2\/comments?post=8525"}],"version-history":[{"count":0,"href":"https:\/\/oud.caravanrepair.eu\/fr\/wp-json\/wp\/v2\/posts\/8525\/revisions"}],"wp:featuredmedia":[{"embeddable":true,"href":"https:\/\/oud.caravanrepair.eu\/fr\/wp-json\/wp\/v2\/media\/3964"}],"wp:attachment":[{"href":"https:\/\/oud.caravanrepair.eu\/fr\/wp-json\/wp\/v2\/media?parent=8525"}],"wp:term":[{"taxonomy":"category","embeddable":true,"href":"https:\/\/oud.caravanrepair.eu\/fr\/wp-json\/wp\/v2\/categories?post=8525"},{"taxonomy":"post_tag","embeddable":true,"href":"https:\/\/oud.caravanrepair.eu\/fr\/wp-json\/wp\/v2\/tags?post=8525"}],"curies":[{"name":"wp","href":"https:\/\/api.w.org\/{rel}","templated":true}]}}