{"id":9686,"date":"2023-12-19T16:36:02","date_gmt":"2023-12-19T15:36:02","guid":{"rendered":"https:\/\/oud.caravanrepair.eu\/?p=9686"},"modified":"2024-02-07T10:55:27","modified_gmt":"2024-02-07T09:55:27","slug":"concessionnaire-officiel-de-reparation-de-caravanes-pologne-grudziadz","status":"publish","type":"post","link":"https:\/\/oud.caravanrepair.eu\/fr\/dealers-europa\/polen\/grudziadz\/officele-caravanrepair-master-dealer-polen-grudziadz\/","title":{"rendered":"Concessionnaire officiel CaravanRepair Pologne-Grudziadz"},"content":{"rendered":"<div data-elementor-type=\"wp-post\" data-elementor-id=\"9686\" class=\"elementor elementor-9686\" data-elementor-post-type=\"post\">\n\t\t\t\t\t\t<section class=\"elementor-section elementor-top-section elementor-element elementor-element-e3e5ad5 elementor-section-content-middle elementor-reverse-mobile elementor-section-full_width elementor-section-height-default elementor-section-height-default\" data-id=\"e3e5ad5\" data-element_type=\"section\" data-e-type=\"section\">\n\t\t\t\t\t\t<div class=\"elementor-container elementor-column-gap-no\">\n\t\t\t\t\t<div class=\"elementor-column elementor-col-100 elementor-top-column elementor-element elementor-element-5b5f4cbd\" data-id=\"5b5f4cbd\" data-element_type=\"column\" data-e-type=\"column\">\n\t\t\t<div class=\"elementor-widget-wrap elementor-element-populated\">\n\t\t\t\t\t\t<div class=\"elementor-element elementor-element-7dd496ab elementor-widget elementor-widget-heading\" data-id=\"7dd496ab\" data-element_type=\"widget\" data-e-type=\"widget\" data-widget_type=\"heading.default\">\n\t\t\t\t<div class=\"elementor-widget-container\">\n\t\t\t\t\t<h1 class=\"elementor-heading-title elementor-size-default\">Concessionnaire officiel CaravanRepair pour Pologne-Grudziadz. <br>Professionnels de la r\u00e9paration des d\u00e9g\u00e2ts.<\/h1>\t\t\t\t<\/div>\n\t\t\t\t<\/div>\n\t\t\t\t<div class=\"elementor-element elementor-element-42f28048 elementor-widget elementor-widget-heading\" data-id=\"42f28048\" data-element_type=\"widget\" data-e-type=\"widget\" data-widget_type=\"heading.default\">\n\t\t\t\t<div class=\"elementor-widget-container\">\n\t\t\t\t\t<h3 class=\"elementor-heading-title elementor-size-default\">Notre concessionnaire CaravanRepair est situ\u00e9 en Pologne-Grudziadz.<\/h3>\t\t\t\t<\/div>\n\t\t\t\t<\/div>\n\t\t\t\t<div class=\"elementor-element elementor-element-606eefcb elementor-widget elementor-widget-text-editor\" data-id=\"606eefcb\" data-element_type=\"widget\" data-e-type=\"widget\" data-widget_type=\"text-editor.default\">\n\t\t\t\t<div class=\"elementor-widget-container\">\n\t\t\t\t\t\t\t\t\t<p>Notre revendeur officiel CaravanRepair pour Pologne-Grudziadz fait partie du groupe CaravanRepair\u00ae. La plus grande cha\u00eene de sp\u00e9cialistes hautement professionnels en mati\u00e8re de dommages aux caravanes et camping-cars r\u00e9partie dans toute l&#039;Europe. les sp\u00e9cialistes CaravanRepair\u00ae sont des experts et connaissent parfaitement la caravane ou le camping-car, et ils sont pr\u00eats \u00e0 s&#039;attaquer \u00e0 toute forme de dommage ou de r\u00e9paration sur votre caravane ou camping-car. Nous comprenons que les dommages caus\u00e9s \u00e0 votre caravane ou camping-car sont toujours g\u00eanants, mais malheureusement, cela peut arriver \u00e0 n&#039;importe qui.<\/p><p>Le groupe CaravanRepair propose un vaste r\u00e9seau de sp\u00e9cialistes en Europe, qui r\u00e9parent toute forme de dommages aux caravanes ou camping-cars avec savoir-faire et professionnalisme. Gr\u00e2ce \u00e0 des ann\u00e9es d&#039;exp\u00e9rience dans la r\u00e9paration de caravanes et camping-cars, notre revendeur officiel CaravanRepair pour Pologne-Grudziadz poss\u00e8de l&#039;expertise et les comp\u00e9tences n\u00e9cessaires pour effectuer toutes sortes de r\u00e9parations de mani\u00e8re professionnelle.<\/p><h3>Prenez imm\u00e9diatement rendez-vous avec notre revendeur officiel CaravanRepair pour Pologne-Grudziadz, nous nous occuperons d&#039;organiser les d\u00e9g\u00e2ts.<\/h3><p>En tant que concessionnaire principal du groupe CaravanRepair\u00ae, nous comprenons que les propri\u00e9taires de caravanes ont d\u00e9j\u00e0 de quoi s&#039;inqui\u00e9ter lorsqu&#039;ils subissent des dommages. C&#039;est pourquoi nous coordonnons l&#039;int\u00e9gralit\u00e9 du r\u00e8glement avec votre assureur si n\u00e9cessaire. Notre syst\u00e8me CaravanRepair\u00ae de haute technologie est reconnu par tous les assureurs, vous n&#039;avez donc pas \u00e0 vous en soucier. Nous comprenons que les d\u00e9g\u00e2ts caus\u00e9s aux caravanes sont d\u00e9j\u00e0 assez ennuyeux.<\/p>\t\t\t\t\t\t\t\t<\/div>\n\t\t\t\t<\/div>\n\t\t\t\t<div class=\"elementor-element elementor-element-645996d3 elementor-widget elementor-widget-image\" data-id=\"645996d3\" data-element_type=\"widget\" data-e-type=\"widget\" data-widget_type=\"image.default\">\n\t\t\t\t<div class=\"elementor-widget-container\">\n\t\t\t\t\t\t\t\t\t\t\t\t\t\t\t<img fetchpriority=\"high\" decoding=\"async\" width=\"640\" height=\"480\" src=\"https:\/\/oud.caravanrepair.eu\/wp-content\/uploads\/2019\/01\/schade2.jpg\" class=\"attachment-full size-full wp-image-842\" alt=\"CaravanRepair Lommel\" srcset=\"https:\/\/oud.caravanrepair.eu\/wp-content\/uploads\/2019\/01\/schade2-200x150.jpg 200w, https:\/\/oud.caravanrepair.eu\/wp-content\/uploads\/2019\/01\/schade2-300x225.jpg 300w, https:\/\/oud.caravanrepair.eu\/wp-content\/uploads\/2019\/01\/schade2-400x300.jpg 400w, https:\/\/oud.caravanrepair.eu\/wp-content\/uploads\/2019\/01\/schade2-600x450.jpg 600w, https:\/\/oud.caravanrepair.eu\/wp-content\/uploads\/2019\/01\/schade2.jpg 640w\" sizes=\"(max-width: 640px) 100vw, 640px\" \/>\t\t\t\t\t\t\t\t\t\t\t\t\t\t\t<\/div>\n\t\t\t\t<\/div>\n\t\t\t\t<div class=\"elementor-element elementor-element-5b81c44 elementor-widget elementor-widget-text-editor\" data-id=\"5b81c44\" data-element_type=\"widget\" data-e-type=\"widget\" data-widget_type=\"text-editor.default\">\n\t\t\t\t<div class=\"elementor-widget-container\">\n\t\t\t\t\t\t\t\t\t<p><span style=\"color: var( --e-global-color-primary ); font-family: var( --e-global-typography-text-font-family ), Sans-serif; background-color: var(--content_bg_color); font-style: var(--body_typography-font-style,normal); letter-spacing: var(--body_typography-letter-spacing);\">En tant que concessionnaire principal du groupe CaravanRepair\u00ae, nous comprenons que les propri\u00e9taires de caravanes ont d\u00e9j\u00e0 de quoi s&#039;inqui\u00e9ter lorsqu&#039;ils subissent des dommages. C&#039;est pourquoi nous coordonnons l&#039;int\u00e9gralit\u00e9 du r\u00e8glement avec votre assureur si n\u00e9cessaire. Notre syst\u00e8me CaravanRepair\u00ae de haute technologie est reconnu par tous les assureurs, vous n&#039;avez donc pas \u00e0 vous en soucier. Nous comprenons que les d\u00e9g\u00e2ts caus\u00e9s aux caravanes sont d\u00e9j\u00e0 assez ennuyeux.<\/span><\/p><h3>Notre revendeur officiel CaravanRepair Pologne-Grudziadz vous offre une garantie compl\u00e8te sur la r\u00e9paration des dommages.<\/h3><p>Gr\u00e2ce \u00e0 notre syst\u00e8me de r\u00e9paration de caravanes avanc\u00e9 et brevet\u00e9, nous pouvons r\u00e9parer toutes les parois profil\u00e9es des caravanes et camping-cars de mani\u00e8re totalement invisible. Qu&#039;il s&#039;agisse d&#039;une petite bosse, d&#039;un dommage d\u00fb \u00e0 la gr\u00eale, d&#039;une fissure, d&#039;un dommage d\u00fb \u00e0 l&#039;humidit\u00e9 ou d&#039;une \u00e9gratignure, nous pouvons le r\u00e9parer rapidement, de mani\u00e8re professionnelle et invisible. Et surtout, CaravanRepair\u00ae offre une garantie \u00e0 vie sur toutes nos r\u00e9parations de parois de caravane effectu\u00e9es par notre revendeur officiel Caravanrepair pour Pologne-Grudziadz.<\/p><p>Cela vous donne non seulement la tranquillit\u00e9 d&#039;esprit, mais aussi la certitude que votre caravane ou camping-car est entre les meilleures mains chez CaravanRepair\u00ae.\u00a0<\/p><h3>Agir d\u00e8s maintenant!<\/h3><p>Si vous faites face \u00e0 des d\u00e9g\u00e2ts de caravane ou de camping-car, remplissez le formulaire de sinistre afin que nous puissions vous aider rapidement.<\/p><p><a href=\"https:\/\/oud.caravanrepair.eu\/fr\/antragsformular\/\" target=\"_blank\" rel=\"noopener\"><b>Cliquez ici pour signaler imm\u00e9diatement vos dommages.<\/b><\/a><\/p>\t\t\t\t\t\t\t\t<\/div>\n\t\t\t\t<\/div>\n\t\t\t\t\t<\/div>\n\t\t<\/div>\n\t\t\t\t\t<\/div>\n\t\t<\/section>\n\t\t\t\t<section class=\"elementor-section elementor-top-section elementor-element elementor-element-1c33475b elementor-section-content-middle elementor-section-full_width elementor-section-height-default elementor-section-height-default\" data-id=\"1c33475b\" data-element_type=\"section\" data-e-type=\"section\" data-settings=\"{&quot;background_background&quot;:&quot;classic&quot;}\">\n\t\t\t\t\t\t\t<div class=\"elementor-background-overlay\"><\/div>\n\t\t\t\t\t\t\t<div class=\"elementor-container elementor-column-gap-no\">\n\t\t\t\t\t<div class=\"elementor-column elementor-col-100 elementor-top-column elementor-element elementor-element-1326ae35\" data-id=\"1326ae35\" data-element_type=\"column\" data-e-type=\"column\">\n\t\t\t<div class=\"elementor-widget-wrap elementor-element-populated\">\n\t\t\t\t\t\t<div class=\"elementor-element elementor-element-76a3206 elementor-widget elementor-widget-heading\" data-id=\"76a3206\" data-element_type=\"widget\" data-e-type=\"widget\" data-widget_type=\"heading.default\">\n\t\t\t\t<div class=\"elementor-widget-container\">\n\t\t\t\t\t<h2 class=\"elementor-heading-title elementor-size-default\">Signaler un d\u00e9g\u00e2t caravane ou camping-car ?<\/h2>\t\t\t\t<\/div>\n\t\t\t\t<\/div>\n\t\t\t\t<div class=\"elementor-element elementor-element-bc9742d elementor-widget elementor-widget-text-editor\" data-id=\"bc9742d\" data-element_type=\"widget\" data-e-type=\"widget\" data-widget_type=\"text-editor.default\">\n\t\t\t\t<div class=\"elementor-widget-container\">\n\t\t\t\t\t\t\t\t\t<p style=\"text-align: center;\">Si votre caravane ou votre camping-car a \u00e9t\u00e9 endommag\u00e9, veuillez remplir le formulaire de dommages en ligne et nous vous contacterons.<\/p>\t\t\t\t\t\t\t\t<\/div>\n\t\t\t\t<\/div>\n\t\t\t\t<div class=\"elementor-element elementor-element-104cdd77 elementor-align-center elementor-mobile-align-left elementor-widget elementor-widget-button\" data-id=\"104cdd77\" data-element_type=\"widget\" data-e-type=\"widget\" data-widget_type=\"button.default\">\n\t\t\t\t<div class=\"elementor-widget-container\">\n\t\t\t\t\t\t\t\t\t<div class=\"elementor-button-wrapper\">\n\t\t\t\t\t<a class=\"elementor-button elementor-button-link elementor-size-sm elementor-animation-grow\" href=\"https:\/\/oud.caravanrepair.eu\/fr\/antragsformular\/\">\n\t\t\t\t\t\t<span class=\"elementor-button-content-wrapper\">\n\t\t\t\t\t\t\t\t\t<span class=\"elementor-button-text\">SIGNALER LES DOMMAGES<\/span>\n\t\t\t\t\t<\/span>\n\t\t\t\t\t<\/a>\n\t\t\t\t<\/div>\n\t\t\t\t\t\t\t\t<\/div>\n\t\t\t\t<\/div>\n\t\t\t\t\t<\/div>\n\t\t<\/div>\n\t\t\t\t\t<\/div>\n\t\t<\/section>\n\t\t\t\t<section class=\"elementor-section elementor-top-section elementor-element elementor-element-c351099 elementor-section-full_width elementor-section-content-middle elementor-section-height-default elementor-section-height-default\" data-id=\"c351099\" data-element_type=\"section\" data-e-type=\"section\">\n\t\t\t\t\t\t<div class=\"elementor-container elementor-column-gap-no\">\n\t\t\t\t\t<div class=\"elementor-column elementor-col-100 elementor-top-column elementor-element elementor-element-00f6c03\" data-id=\"00f6c03\" data-element_type=\"column\" data-e-type=\"column\">\n\t\t\t<div class=\"elementor-widget-wrap elementor-element-populated\">\n\t\t\t\t\t\t<div class=\"elementor-element elementor-element-bafebc5 elementor-widget elementor-widget-text-editor\" data-id=\"bafebc5\" data-element_type=\"widget\" data-e-type=\"widget\" data-widget_type=\"text-editor.default\">\n\t\t\t\t<div class=\"elementor-widget-container\">\n\t\t\t\t\t\t\t\t\t<h3>R\u00e9nover toute une paroi lat\u00e9rale de votre caravane ou camping-car n&#039;a aucun sens ! Juste parce qu&#039;il y a une petite bosse dedans ?\u00a0<\/h3><p>Ce n\u2019est pas seulement inutile, mais fortement d\u00e9conseill\u00e9. Pour les dommages mineurs aux parois de la caravane, tels que les dommages caus\u00e9s par la gr\u00eale, les petites bosses, les rayures ou m\u00eame les fissures, la r\u00e9paration de la caravane est le meilleur choix. Dans de telles situations, le remplacement de l&#039;ensemble du flanc est absolument inutile.<\/p><p>De plus, la r\u00e9paration des murs de la caravane offre des avantages suppl\u00e9mentaires. Gr\u00e2ce au syst\u00e8me avanc\u00e9 de r\u00e9paration de caravanes de haute technologie de CaravanRepair\u00ae, la r\u00e9paration est effectu\u00e9e de mani\u00e8re totalement invisible. Cela permet de conserver la construction de la caravane intacte, sans aucun risque de fuite. Une r\u00e9paration invisible de caravane contribue \u00e9galement \u00e0 la pr\u00e9servation de la valeur de votre caravane ou camping-car.<\/p><h3>Fiez-vous \u00e0 l\u2019expertise des sp\u00e9cialistes CaravanRepair\u00ae de votre r\u00e9gion.<\/h3><p>Rendez-vous chez notre concessionnaire principal en Pologne-Grudziadz pour effectuer les r\u00e9parations de votre caravane. CaravanRepair\u00ae est la plus grande cha\u00eene de sp\u00e9cialistes des caravanes en Europe, qui effectue des r\u00e9parations de caravanes et de camping-cars de mani\u00e8re rapide et extr\u00eamement professionnelle. Notre r\u00e9paration de caravane<span style=\"font-family: var( --e-global-typography-text-font-family ), Sans-serif; font-style: var(--body_typography-font-style,normal); letter-spacing: var(--body_typography-letter-spacing);\">\u00ae<\/span><span style=\"font-family: var( --e-global-typography-text-font-family ), Sans-serif; font-style: var(--body_typography-font-style,normal); letter-spacing: var(--body_typography-letter-spacing);\">\u00a0La m\u00e9thode de r\u00e9paration a \u00e9t\u00e9 approuv\u00e9e par toutes les compagnies d&#039;assurance aux Pays-Bas et en Allemagne, y compris KTI, Kraftfahrzeug Technisches Institut, qui appartient \u00e0 vingt compagnies d&#039;assurance en Allemagne.<\/span><\/p><p>Avec notre syst\u00e8me de r\u00e9paration avanc\u00e9 et une formation approfondie, incluant la certification annuelle de nos techniciens, nous vous offrons la garantie de la qualit\u00e9.<\/p>\t\t\t\t\t\t\t\t<\/div>\n\t\t\t\t<\/div>\n\t\t\t\t\t<\/div>\n\t\t<\/div>\n\t\t\t\t\t<\/div>\n\t\t<\/section>\n\t\t\t\t<section class=\"elementor-section elementor-top-section elementor-element elementor-element-ce7ca96 elementor-section-content-middle elementor-section-full_width elementor-section-height-default elementor-section-height-default\" data-id=\"ce7ca96\" data-element_type=\"section\" data-e-type=\"section\" data-settings=\"{&quot;background_background&quot;:&quot;classic&quot;}\">\n\t\t\t\t\t\t\t<div class=\"elementor-background-overlay\"><\/div>\n\t\t\t\t\t\t\t<div class=\"elementor-container elementor-column-gap-no\">\n\t\t\t\t\t<div class=\"elementor-column elementor-col-50 elementor-top-column elementor-element elementor-element-4da8e8a0\" data-id=\"4da8e8a0\" data-element_type=\"column\" data-e-type=\"column\">\n\t\t\t<div class=\"elementor-widget-wrap elementor-element-populated\">\n\t\t\t\t\t\t<div class=\"elementor-element elementor-element-5be6df5d elementor-widget elementor-widget-heading\" data-id=\"5be6df5d\" data-element_type=\"widget\" data-e-type=\"widget\" data-widget_type=\"heading.default\">\n\t\t\t\t<div class=\"elementor-widget-container\">\n\t\t\t\t\t<h2 class=\"elementor-heading-title elementor-size-default\">Vous recherchez un r\u00e9parateur CaravanRepair\u00ae pr\u00e8s de chez vous ?<\/h2>\t\t\t\t<\/div>\n\t\t\t\t<\/div>\n\t\t\t\t<div class=\"elementor-element elementor-element-7b052977 elementor-widget elementor-widget-text-editor\" data-id=\"7b052977\" data-element_type=\"widget\" data-e-type=\"widget\" data-widget_type=\"text-editor.default\">\n\t\t\t\t<div class=\"elementor-widget-container\">\n\t\t\t\t\t\t\t\t\t<p>Nos r\u00e9parateurs sont actifs dans toute l\u2019Europe !<\/p>\t\t\t\t\t\t\t\t<\/div>\n\t\t\t\t<\/div>\n\t\t\t\t\t<\/div>\n\t\t<\/div>\n\t\t\t\t<div class=\"elementor-column elementor-col-50 elementor-top-column elementor-element elementor-element-5bd25971\" data-id=\"5bd25971\" data-element_type=\"column\" data-e-type=\"column\">\n\t\t\t<div class=\"elementor-widget-wrap elementor-element-populated\">\n\t\t\t\t\t\t<div class=\"elementor-element elementor-element-71260541 elementor-align-center elementor-mobile-align-left elementor-widget elementor-widget-button\" data-id=\"71260541\" data-element_type=\"widget\" data-e-type=\"widget\" data-widget_type=\"button.default\">\n\t\t\t\t<div class=\"elementor-widget-container\">\n\t\t\t\t\t\t\t\t\t<div class=\"elementor-button-wrapper\">\n\t\t\t\t\t<a class=\"elementor-button elementor-button-link elementor-size-sm elementor-animation-grow\" href=\"https:\/\/oud.caravanrepair.eu\/fr\/concessionnaires\/\">\n\t\t\t\t\t\t<span class=\"elementor-button-content-wrapper\">\n\t\t\t\t\t\t\t\t\t<span class=\"elementor-button-text\">Rechercher maintenant<\/span>\n\t\t\t\t\t<\/span>\n\t\t\t\t\t<\/a>\n\t\t\t\t<\/div>\n\t\t\t\t\t\t\t\t<\/div>\n\t\t\t\t<\/div>\n\t\t\t\t\t<\/div>\n\t\t<\/div>\n\t\t\t\t\t<\/div>\n\t\t<\/section>\n\t\t\t\t<\/div>","protected":false},"excerpt":{"rendered":"<p>Concessionnaire officiel CaravanRepair pour Pologne-Grudziadz. Professionnels de la r\u00e9paration des d\u00e9g\u00e2ts. Notre concessionnaire CaravanRepair est situ\u00e9 en Pologne-Grudziadz. Notre revendeur officiel CaravanRepair<\/p>","protected":false},"author":5,"featured_media":8628,"comment_status":"closed","ping_status":"closed","sticky":false,"template":"","format":"standard","meta":{"footnotes":""},"categories":[1766],"tags":[],"class_list":["post-9686","post","type-post","status-publish","format-standard","has-post-thumbnail","hentry","category-grudziadz"],"yoast_head":"<!-- This site is optimized with the Yoast SEO Premium plugin v27.5 (Yoast SEO v28.3) - https:\/\/yoast.com\/product\/yoast-seo-premium-wordpress\/ -->\n<title>Offici\u00eble CaravanRepair dealer voor Polen-Grudziadz<\/title>\n<meta name=\"description\" content=\"Onze offici\u00eble CaravanRepair dealer voor Polen-Grudziadz zijn de professionals in caravan en camper schadeherstel\" \/>\n<meta name=\"robots\" content=\"noindex, follow, max-snippet:-1, max-image-preview:large, max-video-preview:-1\" \/>\n<meta property=\"og:locale\" content=\"fr_FR\" \/>\n<meta property=\"og:type\" content=\"article\" \/>\n<meta property=\"og:title\" content=\"Offic\u00eble CaravanRepair master dealer Polen-Grudziadz\" \/>\n<meta property=\"og:description\" content=\"Onze offici\u00eble CaravanRepair dealer voor Polen-Grudziadz zijn de professionals in caravan en camper schadeherstel\" \/>\n<meta property=\"og:url\" content=\"https:\/\/oud.caravanrepair.eu\/fr\/concessionnaires-europeens\/pologne\/grudziadz\/concessionnaire-officiel-de-reparation-de-caravanes-pologne-grudziadz\/\" \/>\n<meta property=\"og:site_name\" content=\"CaravanRepair\u00ae\" \/>\n<meta property=\"article:published_time\" content=\"2023-12-19T15:36:02+00:00\" \/>\n<meta property=\"article:modified_time\" content=\"2024-02-07T09:55:27+00:00\" \/>\n<meta property=\"og:image\" content=\"https:\/\/oud.caravanrepair.eu\/wp-content\/uploads\/2023\/10\/Fendt-Saphir-2019-Audi.png\" \/>\n\t<meta property=\"og:image:width\" content=\"995\" \/>\n\t<meta property=\"og:image:height\" content=\"450\" \/>\n\t<meta property=\"og:image:type\" content=\"image\/png\" \/>\n<meta name=\"author\" content=\"robin\" \/>\n<meta name=\"twitter:card\" content=\"summary_large_image\" \/>\n<meta name=\"twitter:label1\" content=\"\u00c9crit par\" \/>\n\t<meta name=\"twitter:data1\" content=\"robin\" \/>\n\t<meta name=\"twitter:label2\" content=\"Dur\u00e9e de lecture estim\u00e9e\" \/>\n\t<meta name=\"twitter:data2\" content=\"4 minutes\" \/>\n<script type=\"application\/ld+json\" class=\"yoast-schema-graph\">{\"@context\":\"https:\\\/\\\/schema.org\",\"@graph\":[{\"@type\":\"Article\",\"@id\":\"https:\\\/\\\/oud.caravanrepair.eu\\\/dealers-europa\\\/polen\\\/grudziadz\\\/officele-caravanrepair-master-dealer-polen-grudziadz\\\/#article\",\"isPartOf\":{\"@id\":\"https:\\\/\\\/oud.caravanrepair.eu\\\/dealers-europa\\\/polen\\\/grudziadz\\\/officele-caravanrepair-master-dealer-polen-grudziadz\\\/\"},\"author\":{\"name\":\"robin\",\"@id\":\"https:\\\/\\\/oud.caravanrepair.eu\\\/#\\\/schema\\\/person\\\/3d6951fb909de71414ea25dc46e82b07\"},\"headline\":\"Offic\u00eble CaravanRepair master dealer Polen-Grudziadz\",\"datePublished\":\"2023-12-19T15:36:02+00:00\",\"dateModified\":\"2024-02-07T09:55:27+00:00\",\"mainEntityOfPage\":{\"@id\":\"https:\\\/\\\/oud.caravanrepair.eu\\\/dealers-europa\\\/polen\\\/grudziadz\\\/officele-caravanrepair-master-dealer-polen-grudziadz\\\/\"},\"wordCount\":676,\"publisher\":{\"@id\":\"https:\\\/\\\/oud.caravanrepair.eu\\\/#organization\"},\"image\":{\"@id\":\"https:\\\/\\\/oud.caravanrepair.eu\\\/dealers-europa\\\/polen\\\/grudziadz\\\/officele-caravanrepair-master-dealer-polen-grudziadz\\\/#primaryimage\"},\"thumbnailUrl\":\"https:\\\/\\\/oud.caravanrepair.eu\\\/wp-content\\\/uploads\\\/2023\\\/10\\\/Fendt-Saphir-2019-Audi.jpg\",\"articleSection\":[\"Grudziadz\"],\"inLanguage\":\"fr-FR\"},{\"@type\":\"WebPage\",\"@id\":\"https:\\\/\\\/oud.caravanrepair.eu\\\/dealers-europa\\\/polen\\\/grudziadz\\\/officele-caravanrepair-master-dealer-polen-grudziadz\\\/\",\"url\":\"https:\\\/\\\/oud.caravanrepair.eu\\\/dealers-europa\\\/polen\\\/grudziadz\\\/officele-caravanrepair-master-dealer-polen-grudziadz\\\/\",\"name\":\"Offici\u00eble CaravanRepair dealer voor Polen-Grudziadz\",\"isPartOf\":{\"@id\":\"https:\\\/\\\/oud.caravanrepair.eu\\\/#website\"},\"primaryImageOfPage\":{\"@id\":\"https:\\\/\\\/oud.caravanrepair.eu\\\/dealers-europa\\\/polen\\\/grudziadz\\\/officele-caravanrepair-master-dealer-polen-grudziadz\\\/#primaryimage\"},\"image\":{\"@id\":\"https:\\\/\\\/oud.caravanrepair.eu\\\/dealers-europa\\\/polen\\\/grudziadz\\\/officele-caravanrepair-master-dealer-polen-grudziadz\\\/#primaryimage\"},\"thumbnailUrl\":\"https:\\\/\\\/oud.caravanrepair.eu\\\/wp-content\\\/uploads\\\/2023\\\/10\\\/Fendt-Saphir-2019-Audi.jpg\",\"datePublished\":\"2023-12-19T15:36:02+00:00\",\"dateModified\":\"2024-02-07T09:55:27+00:00\",\"description\":\"Onze offici\u00eble CaravanRepair dealer voor Polen-Grudziadz zijn de professionals in caravan en camper schadeherstel\",\"breadcrumb\":{\"@id\":\"https:\\\/\\\/oud.caravanrepair.eu\\\/dealers-europa\\\/polen\\\/grudziadz\\\/officele-caravanrepair-master-dealer-polen-grudziadz\\\/#breadcrumb\"},\"inLanguage\":\"fr-FR\",\"potentialAction\":[{\"@type\":\"ReadAction\",\"target\":[\"https:\\\/\\\/oud.caravanrepair.eu\\\/dealers-europa\\\/polen\\\/grudziadz\\\/officele-caravanrepair-master-dealer-polen-grudziadz\\\/\"]}]},{\"@type\":\"ImageObject\",\"inLanguage\":\"fr-FR\",\"@id\":\"https:\\\/\\\/oud.caravanrepair.eu\\\/dealers-europa\\\/polen\\\/grudziadz\\\/officele-caravanrepair-master-dealer-polen-grudziadz\\\/#primaryimage\",\"url\":\"https:\\\/\\\/oud.caravanrepair.eu\\\/wp-content\\\/uploads\\\/2023\\\/10\\\/Fendt-Saphir-2019-Audi.jpg\",\"contentUrl\":\"https:\\\/\\\/oud.caravanrepair.eu\\\/wp-content\\\/uploads\\\/2023\\\/10\\\/Fendt-Saphir-2019-Audi.jpg\",\"width\":995,\"height\":450,\"caption\":\"Caravanschade\"},{\"@type\":\"BreadcrumbList\",\"@id\":\"https:\\\/\\\/oud.caravanrepair.eu\\\/dealers-europa\\\/polen\\\/grudziadz\\\/officele-caravanrepair-master-dealer-polen-grudziadz\\\/#breadcrumb\",\"itemListElement\":[{\"@type\":\"ListItem\",\"position\":1,\"name\":\"Home\",\"item\":\"https:\\\/\\\/oud.caravanrepair.eu\\\/\"},{\"@type\":\"ListItem\",\"position\":2,\"name\":\"Dealers Europa\",\"item\":\"https:\\\/\\\/oud.caravanrepair.eu\\\/pl\\\/kategoria\\\/dealerzy-w-europie\\\/\"},{\"@type\":\"ListItem\",\"position\":3,\"name\":\"Polen\",\"item\":\"https:\\\/\\\/oud.caravanrepair.eu\\\/fr\\\/categorie\\\/concessionnaires-europeens\\\/pologne\\\/\"},{\"@type\":\"ListItem\",\"position\":4,\"name\":\"Grudziadz\",\"item\":\"https:\\\/\\\/oud.caravanrepair.eu\\\/category\\\/dealers-europa\\\/polen\\\/grudziadz\\\/\"},{\"@type\":\"ListItem\",\"position\":5,\"name\":\"Offic\u00eble CaravanRepair master dealer Polen-Grudziadz\"}]},{\"@type\":\"WebSite\",\"@id\":\"https:\\\/\\\/oud.caravanrepair.eu\\\/#website\",\"url\":\"https:\\\/\\\/oud.caravanrepair.eu\\\/\",\"name\":\"CaravanRepair\u00ae\",\"description\":\"Professioneel schadeherstel voor caravan en camper\",\"publisher\":{\"@id\":\"https:\\\/\\\/oud.caravanrepair.eu\\\/#organization\"},\"potentialAction\":[{\"@type\":\"SearchAction\",\"target\":{\"@type\":\"EntryPoint\",\"urlTemplate\":\"https:\\\/\\\/oud.caravanrepair.eu\\\/?s={search_term_string}\"},\"query-input\":{\"@type\":\"PropertyValueSpecification\",\"valueRequired\":true,\"valueName\":\"search_term_string\"}}],\"inLanguage\":\"fr-FR\"},{\"@type\":\"Organization\",\"@id\":\"https:\\\/\\\/oud.caravanrepair.eu\\\/#organization\",\"name\":\"CaravanRepair\u00ae\",\"url\":\"https:\\\/\\\/oud.caravanrepair.eu\\\/\",\"logo\":{\"@type\":\"ImageObject\",\"inLanguage\":\"fr-FR\",\"@id\":\"https:\\\/\\\/oud.caravanrepair.eu\\\/#\\\/schema\\\/logo\\\/image\\\/\",\"url\":\"https:\\\/\\\/oud.caravanrepair.eu\\\/wp-content\\\/uploads\\\/2019\\\/01\\\/logo-caravanrepair.png\",\"contentUrl\":\"https:\\\/\\\/oud.caravanrepair.eu\\\/wp-content\\\/uploads\\\/2019\\\/01\\\/logo-caravanrepair.png\",\"width\":353,\"height\":150,\"caption\":\"CaravanRepair\u00ae\"},\"image\":{\"@id\":\"https:\\\/\\\/oud.caravanrepair.eu\\\/#\\\/schema\\\/logo\\\/image\\\/\"}},{\"@type\":\"Person\",\"@id\":\"https:\\\/\\\/oud.caravanrepair.eu\\\/#\\\/schema\\\/person\\\/3d6951fb909de71414ea25dc46e82b07\",\"name\":\"robin\"}]}<\/script>\n<!-- \/ Yoast SEO Premium plugin. -->","yoast_head_json":{"title":"Concessionnaire officiel CaravanRepair pour Pologne-Grudziadz","description":"Notre revendeur officiel CaravanRepair pour Pologne-Grudziadz est le professionnel de la r\u00e9paration des dommages aux caravanes et camping-cars.","robots":{"index":"noindex","follow":"follow","max-snippet":"max-snippet:-1","max-image-preview":"max-image-preview:large","max-video-preview":"max-video-preview:-1"},"og_locale":"fr_FR","og_type":"article","og_title":"Offic\u00eble CaravanRepair master dealer Polen-Grudziadz","og_description":"Onze offici\u00eble CaravanRepair dealer voor Polen-Grudziadz zijn de professionals in caravan en camper schadeherstel","og_url":"https:\/\/oud.caravanrepair.eu\/fr\/concessionnaires-europeens\/pologne\/grudziadz\/concessionnaire-officiel-de-reparation-de-caravanes-pologne-grudziadz\/","og_site_name":"CaravanRepair\u00ae","article_published_time":"2023-12-19T15:36:02+00:00","article_modified_time":"2024-02-07T09:55:27+00:00","og_image":[{"width":995,"height":450,"url":"https:\/\/oud.caravanrepair.eu\/wp-content\/uploads\/2023\/10\/Fendt-Saphir-2019-Audi.png","type":"image\/png"}],"author":"robin","twitter_card":"summary_large_image","twitter_misc":{"\u00c9crit par":"robin","Dur\u00e9e de lecture estim\u00e9e":"4 minutes"},"schema":{"@context":"https:\/\/schema.org","@graph":[{"@type":"Article","@id":"https:\/\/oud.caravanrepair.eu\/dealers-europa\/polen\/grudziadz\/officele-caravanrepair-master-dealer-polen-grudziadz\/#article","isPartOf":{"@id":"https:\/\/oud.caravanrepair.eu\/dealers-europa\/polen\/grudziadz\/officele-caravanrepair-master-dealer-polen-grudziadz\/"},"author":{"name":"robin","@id":"https:\/\/oud.caravanrepair.eu\/#\/schema\/person\/3d6951fb909de71414ea25dc46e82b07"},"headline":"Offic\u00eble CaravanRepair master dealer Polen-Grudziadz","datePublished":"2023-12-19T15:36:02+00:00","dateModified":"2024-02-07T09:55:27+00:00","mainEntityOfPage":{"@id":"https:\/\/oud.caravanrepair.eu\/dealers-europa\/polen\/grudziadz\/officele-caravanrepair-master-dealer-polen-grudziadz\/"},"wordCount":676,"publisher":{"@id":"https:\/\/oud.caravanrepair.eu\/#organization"},"image":{"@id":"https:\/\/oud.caravanrepair.eu\/dealers-europa\/polen\/grudziadz\/officele-caravanrepair-master-dealer-polen-grudziadz\/#primaryimage"},"thumbnailUrl":"https:\/\/oud.caravanrepair.eu\/wp-content\/uploads\/2023\/10\/Fendt-Saphir-2019-Audi.jpg","articleSection":["Grudziadz"],"inLanguage":"fr-FR"},{"@type":"WebPage","@id":"https:\/\/oud.caravanrepair.eu\/dealers-europa\/polen\/grudziadz\/officele-caravanrepair-master-dealer-polen-grudziadz\/","url":"https:\/\/oud.caravanrepair.eu\/dealers-europa\/polen\/grudziadz\/officele-caravanrepair-master-dealer-polen-grudziadz\/","name":"Concessionnaire officiel CaravanRepair pour Pologne-Grudziadz","isPartOf":{"@id":"https:\/\/oud.caravanrepair.eu\/#website"},"primaryImageOfPage":{"@id":"https:\/\/oud.caravanrepair.eu\/dealers-europa\/polen\/grudziadz\/officele-caravanrepair-master-dealer-polen-grudziadz\/#primaryimage"},"image":{"@id":"https:\/\/oud.caravanrepair.eu\/dealers-europa\/polen\/grudziadz\/officele-caravanrepair-master-dealer-polen-grudziadz\/#primaryimage"},"thumbnailUrl":"https:\/\/oud.caravanrepair.eu\/wp-content\/uploads\/2023\/10\/Fendt-Saphir-2019-Audi.jpg","datePublished":"2023-12-19T15:36:02+00:00","dateModified":"2024-02-07T09:55:27+00:00","description":"Notre revendeur officiel CaravanRepair pour Pologne-Grudziadz est le professionnel de la r\u00e9paration des dommages aux caravanes et camping-cars.","breadcrumb":{"@id":"https:\/\/oud.caravanrepair.eu\/dealers-europa\/polen\/grudziadz\/officele-caravanrepair-master-dealer-polen-grudziadz\/#breadcrumb"},"inLanguage":"fr-FR","potentialAction":[{"@type":"ReadAction","target":["https:\/\/oud.caravanrepair.eu\/dealers-europa\/polen\/grudziadz\/officele-caravanrepair-master-dealer-polen-grudziadz\/"]}]},{"@type":"ImageObject","inLanguage":"fr-FR","@id":"https:\/\/oud.caravanrepair.eu\/dealers-europa\/polen\/grudziadz\/officele-caravanrepair-master-dealer-polen-grudziadz\/#primaryimage","url":"https:\/\/oud.caravanrepair.eu\/wp-content\/uploads\/2023\/10\/Fendt-Saphir-2019-Audi.jpg","contentUrl":"https:\/\/oud.caravanrepair.eu\/wp-content\/uploads\/2023\/10\/Fendt-Saphir-2019-Audi.jpg","width":995,"height":450,"caption":"Caravanschade"},{"@type":"BreadcrumbList","@id":"https:\/\/oud.caravanrepair.eu\/dealers-europa\/polen\/grudziadz\/officele-caravanrepair-master-dealer-polen-grudziadz\/#breadcrumb","itemListElement":[{"@type":"ListItem","position":1,"name":"Home","item":"https:\/\/oud.caravanrepair.eu\/"},{"@type":"ListItem","position":2,"name":"Dealers Europa","item":"https:\/\/oud.caravanrepair.eu\/pl\/kategoria\/dealerzy-w-europie\/"},{"@type":"ListItem","position":3,"name":"Polen","item":"https:\/\/oud.caravanrepair.eu\/fr\/categorie\/concessionnaires-europeens\/pologne\/"},{"@type":"ListItem","position":4,"name":"Grudziadz","item":"https:\/\/oud.caravanrepair.eu\/category\/dealers-europa\/polen\/grudziadz\/"},{"@type":"ListItem","position":5,"name":"Offic\u00eble CaravanRepair master dealer Polen-Grudziadz"}]},{"@type":"WebSite","@id":"https:\/\/oud.caravanrepair.eu\/#website","url":"https:\/\/oud.caravanrepair.eu\/","name":"CaravanRepair\u00ae","description":"R\u00e9paration professionnelle de dommages pour caravane et camping-car","publisher":{"@id":"https:\/\/oud.caravanrepair.eu\/#organization"},"potentialAction":[{"@type":"SearchAction","target":{"@type":"EntryPoint","urlTemplate":"https:\/\/oud.caravanrepair.eu\/?s={search_term_string}"},"query-input":{"@type":"PropertyValueSpecification","valueRequired":true,"valueName":"search_term_string"}}],"inLanguage":"fr-FR"},{"@type":"Organization","@id":"https:\/\/oud.caravanrepair.eu\/#organization","name":"CaravanRepair\u00ae","url":"https:\/\/oud.caravanrepair.eu\/","logo":{"@type":"ImageObject","inLanguage":"fr-FR","@id":"https:\/\/oud.caravanrepair.eu\/#\/schema\/logo\/image\/","url":"https:\/\/oud.caravanrepair.eu\/wp-content\/uploads\/2019\/01\/logo-caravanrepair.png","contentUrl":"https:\/\/oud.caravanrepair.eu\/wp-content\/uploads\/2019\/01\/logo-caravanrepair.png","width":353,"height":150,"caption":"CaravanRepair\u00ae"},"image":{"@id":"https:\/\/oud.caravanrepair.eu\/#\/schema\/logo\/image\/"}},{"@type":"Person","@id":"https:\/\/oud.caravanrepair.eu\/#\/schema\/person\/3d6951fb909de71414ea25dc46e82b07","name":"rouge-gorge"}]}},"_links":{"self":[{"href":"https:\/\/oud.caravanrepair.eu\/fr\/wp-json\/wp\/v2\/posts\/9686","targetHints":{"allow":["GET"]}}],"collection":[{"href":"https:\/\/oud.caravanrepair.eu\/fr\/wp-json\/wp\/v2\/posts"}],"about":[{"href":"https:\/\/oud.caravanrepair.eu\/fr\/wp-json\/wp\/v2\/types\/post"}],"author":[{"embeddable":true,"href":"https:\/\/oud.caravanrepair.eu\/fr\/wp-json\/wp\/v2\/users\/5"}],"replies":[{"embeddable":true,"href":"https:\/\/oud.caravanrepair.eu\/fr\/wp-json\/wp\/v2\/comments?post=9686"}],"version-history":[{"count":0,"href":"https:\/\/oud.caravanrepair.eu\/fr\/wp-json\/wp\/v2\/posts\/9686\/revisions"}],"wp:featuredmedia":[{"embeddable":true,"href":"https:\/\/oud.caravanrepair.eu\/fr\/wp-json\/wp\/v2\/media\/8628"}],"wp:attachment":[{"href":"https:\/\/oud.caravanrepair.eu\/fr\/wp-json\/wp\/v2\/media?parent=9686"}],"wp:term":[{"taxonomy":"category","embeddable":true,"href":"https:\/\/oud.caravanrepair.eu\/fr\/wp-json\/wp\/v2\/categories?post=9686"},{"taxonomy":"post_tag","embeddable":true,"href":"https:\/\/oud.caravanrepair.eu\/fr\/wp-json\/wp\/v2\/tags?post=9686"}],"curies":[{"name":"wp","href":"https:\/\/api.w.org\/{rel}","templated":true}]}}