{"id":8525,"date":"2023-10-03T18:40:39","date_gmt":"2023-10-03T16:40:39","guid":{"rendered":"https:\/\/oud.caravanrepair.eu\/?p=8525"},"modified":"2025-09-10T11:10:36","modified_gmt":"2025-09-10T09:10:36","slug":"uszkodzenia-kampera-lub-przyczepy-kempingowej-przez-burze","status":"publish","type":"post","link":"https:\/\/oud.caravanrepair.eu\/pl\/schade-aan-camper-of-caravan\/stormschade-aan-uw-caravan-of-camper\/","title":{"rendered":"Uszkodzenia spowodowane burz\u0105 w Twojej przyczepie kempingowej lub kamperze?"},"content":{"rendered":"<div data-elementor-type=\"wp-post\" data-elementor-id=\"8525\" class=\"elementor elementor-8525\" data-elementor-post-type=\"post\">\n\t\t\t\t\t\t<section class=\"elementor-section elementor-top-section elementor-element elementor-element-8c36217 elementor-section-boxed elementor-section-height-default elementor-section-height-default\" data-id=\"8c36217\" data-element_type=\"section\" data-e-type=\"section\">\n\t\t\t\t\t\t<div class=\"elementor-container elementor-column-gap-default\">\n\t\t\t\t\t<div class=\"elementor-column elementor-col-100 elementor-top-column elementor-element elementor-element-08a8a9c\" data-id=\"08a8a9c\" data-element_type=\"column\" data-e-type=\"column\">\n\t\t\t<div class=\"elementor-widget-wrap elementor-element-populated\">\n\t\t\t\t\t\t<div class=\"elementor-element elementor-element-d53f82f elementor-widget elementor-widget-text-editor\" data-id=\"d53f82f\" data-element_type=\"widget\" data-e-type=\"widget\" data-widget_type=\"text-editor.default\">\n\t\t\t\t<div class=\"elementor-widget-container\">\n\t\t\t\t\t\t\t\t\t<h1><strong>Uszkodzenia przyczepy kempingowej lub kampera przez burz\u0119: CaravanRepair pomaga natychmiast.<\/strong><\/h1><p>Burza mo\u017ce nie tylko spowodowa\u0107 fizyczne uszkodzenie przyczepy kempingowej, ale mo\u017ce r\u00f3wnie\u017c wp\u0142yn\u0105\u0107 na jej warto\u015b\u0107. Jednak dobrze naprawiona przyczepa kempingowa lepiej zachowuje swoj\u0105 warto\u015b\u0107 ni\u017c przyczepa z widocznymi oznakami uszkodze\u0144. Na tym blogu omawiamy znaczenie profesjonalnej rekonwalescencji po szkodach spowodowanych przez burz\u0119 i tego, w jaki spos\u00f3b CaravanRepair mo\u017ce Ci w tym pom\u00f3c.<\/p><h3><strong>Wp\u0142yw szk\u00f3d spowodowanych przez burz\u0119 na warto\u015b\u0107<\/strong><\/h3><p>Wszelkie uszkodzenia przyczepy kempingowej, niezale\u017cnie od tego, jak drobne, mog\u0105 obni\u017cy\u0107 jej warto\u015b\u0107 odsprzeda\u017cy. Potencjalni nabywcy cz\u0119sto niech\u0119tnie kupuj\u0105 uszkodzon\u0105 przyczep\u0119 kempingow\u0105, nawet je\u015bli uszkodzenia s\u0105 powierzchowne.<\/p><h3><strong>Znaczenie profesjonalnej naprawy szk\u00f3d spowodowanych przez burz\u0119 w przyczepie kempingowej lub kamperze<\/strong><\/h3><p>Profesjonalna naprawa szk\u00f3d spowodowanych przez burz\u0119 w Twojej przyczepie kempingowej lub kamperze gwarantuje, \u017ce Twoja przyczepa kempingowa lub kamper b\u0119dzie w doskona\u0142ym stanie nie tylko pod wzgl\u0119dem estetycznym, ale tak\u017ce konstrukcyjnym. Pomaga to utrzyma\u0107 warto\u015b\u0107 Twojej przyczepy kempingowej w d\u0142u\u017cszej perspektywie.<\/p><h3><strong>W jaki spos\u00f3b CaravanRepair pomaga Ci natychmiast w przypadku uszkodze\u0144 przyczepy kempingowej spowodowanych przez burz\u0119<\/strong><\/h3><p>Grupa CaravanRepair sk\u0142ada si\u0119 z uznanych firm zajmuj\u0105cych si\u0119 naprawami szk\u00f3d, kt\u00f3re specjalizuj\u0105 si\u0119 w naprawie przyczep kempingowych. Ci specjali\u015bci zadbaj\u0105 o to, aby Twoja przyczepa kempingowa zosta\u0142a przywr\u00f3cona do najwy\u017cszych standard\u00f3w, zachowuj\u0105c warto\u015b\u0107 Twojego pojazdu. <a href=\"https:\/\/oud.caravanrepair.eu\/pl\/naprawa-przyczep-kempingowych-4\/\" target=\"_blank\" rel=\"noopener\">\ud83d\udd17\u00a0<em>Wi\u0119cej informacji na temat konkretnych przypadk\u00f3w uszkodze\u0144 mo\u017cna znale\u017a\u0107 na naszej stronie g\u0142\u00f3wnej po\u015bwi\u0119conej naprawie przyczep kempingowych.<\/em><\/a><\/p><h3><strong>Szybko\u015b\u0107 jest niezb\u0119dna<\/strong><\/h3><p>Im szybciej podejmiesz dzia\u0142ania po odkryciu uszkodze\u0144, tym lepiej. Op\u00f3\u017anienie mo\u017ce prowadzi\u0107 do dalszych komplikacji i koszt\u00f3w. CaravanRepair.eu zapewnia szybk\u0105 i sprawn\u0105 obs\u0142ug\u0119, dzi\u0119ki czemu Twoja przyczepa kempingowa zostanie naprawiona tak szybko, jak to mo\u017cliwe.<\/p><h3><strong>Wniosek<\/strong><\/h3><p>Uszkodzenia przyczepy kempingowej lub kampera przez burz\u0119 to co\u015b wi\u0119cej ni\u017c tylko problem kosmetyczny; mo\u017ce to r\u00f3wnie\u017c wp\u0142yn\u0105\u0107 na warto\u015b\u0107 Twojej przyczepy kempingowej. Wybieraj\u0105c profesjonaln\u0105 napraw\u0119 za po\u015brednictwem CaravanRepair.eu, masz pewno\u015b\u0107, \u017ce Twoja przyczepa kempingowa zachowa swoj\u0105 warto\u015b\u0107 i b\u0119dziesz m\u00f3g\u0142 spokojnie wyruszy\u0107 w drog\u0119.<\/p><p><em>Czy Twoja przyczepa kempingowa zosta\u0142a uszkodzona przez burz\u0119? <a href=\"https:\/\/oud.caravanrepair.eu\/pl\/formulaire\/\" target=\"_blank\" rel=\"noopener\">Nast\u0119pnie natychmiast zg\u0142o\u015b szkod\u0119 online!<\/a><\/em><\/p>\t\t\t\t\t\t\t\t<\/div>\n\t\t\t\t<\/div>\n\t\t\t\t<div class=\"elementor-element elementor-element-440e6ee elementor-widget elementor-widget-global elementor-global-8511 elementor-widget-button\" data-id=\"440e6ee\" data-element_type=\"widget\" data-e-type=\"widget\" data-widget_type=\"button.default\">\n\t\t\t\t<div class=\"elementor-widget-container\">\n\t\t\t\t\t\t\t\t\t<div class=\"elementor-button-wrapper\">\n\t\t\t\t\t<a class=\"elementor-button elementor-button-link elementor-size-sm\" href=\"https:\/\/oud.caravanrepair.eu\/pl\/formulaire\/\">\n\t\t\t\t\t\t<span class=\"elementor-button-content-wrapper\">\n\t\t\t\t\t\t\t\t\t<span class=\"elementor-button-text\">Kliknij tutaj, aby natychmiast zg\u0142osi\u0107 szkod\u0119!<\/span>\n\t\t\t\t\t<\/span>\n\t\t\t\t\t<\/a>\n\t\t\t\t<\/div>\n\t\t\t\t\t\t\t\t<\/div>\n\t\t\t\t<\/div>\n\t\t\t\t\t<\/div>\n\t\t<\/div>\n\t\t\t\t\t<\/div>\n\t\t<\/section>\n\t\t\t\t<section class=\"elementor-section elementor-top-section elementor-element elementor-element-4eddb91 elementor-section-boxed elementor-section-height-default elementor-section-height-default\" data-id=\"4eddb91\" data-element_type=\"section\" data-e-type=\"section\">\n\t\t\t\t\t\t<div class=\"elementor-container elementor-column-gap-default\">\n\t\t\t\t\t<div class=\"elementor-column elementor-col-100 elementor-top-column elementor-element elementor-element-fc187c0\" data-id=\"fc187c0\" data-element_type=\"column\" data-e-type=\"column\">\n\t\t\t<div class=\"elementor-widget-wrap elementor-element-populated\">\n\t\t\t\t\t\t<div class=\"elementor-element elementor-element-50bede7 elementor-widget elementor-widget-text-editor\" data-id=\"50bede7\" data-element_type=\"widget\" data-e-type=\"widget\" data-widget_type=\"text-editor.default\">\n\t\t\t\t<div class=\"elementor-widget-container\">\n\t\t\t\t\t\t\t\t\t<p><a href=\"https:\/\/oud.caravanrepair.eu\/pl\/\" target=\"_blank\" rel=\"noopener\">Kliknij tutaj, aby powr\u00f3ci\u0107 do strony g\u0142\u00f3wnej.<\/a><\/p>\t\t\t\t\t\t\t\t<\/div>\n\t\t\t\t<\/div>\n\t\t\t\t\t<\/div>\n\t\t<\/div>\n\t\t\t\t\t<\/div>\n\t\t<\/section>\n\t\t\t\t<\/div>","protected":false},"excerpt":{"rendered":"<p>Burza mo\u017ce nie tylko spowodowa\u0107 fizyczne uszkodzenie przyczepy kempingowej, ale mo\u017ce r\u00f3wnie\u017c wp\u0142yn\u0105\u0107 na jej warto\u015b\u0107. Jednak dobrze naprawiona przyczepa kempingowa lepiej zachowuje swoj\u0105 warto\u015b\u0107 ni\u017c przyczepa z widocznymi oznakami uszkodze\u0144. Na tym blogu omawiamy znaczenie profesjonalnej naprawy po szkodach spowodowanych przez burz\u0119 i w jaki spos\u00f3b CaravanRepair.eu mo\u017ce Ci w tym pom\u00f3c.<\/p>","protected":false},"author":5,"featured_media":3964,"comment_status":"closed","ping_status":"open","sticky":false,"template":"","format":"standard","meta":{"footnotes":""},"categories":[1754],"tags":[],"class_list":["post-8525","post","type-post","status-publish","format-standard","has-post-thumbnail","hentry","category-schade-aan-camper-of-caravan"],"yoast_head":"<!-- This site is optimized with the Yoast SEO Premium plugin v27.5 (Yoast SEO v28.3) - https:\/\/yoast.com\/product\/yoast-seo-premium-wordpress\/ -->\n<title>Stormschade caravan.<\/title>\n<meta name=\"description\" content=\"Stormschade aan uw caravan of camper? CaravanRepair help u direct, professioneel en vakkundig. Wij nemen alle zorg voor u uit handen.\" \/>\n<meta name=\"robots\" content=\"noindex, follow, max-snippet:-1, max-image-preview:large, max-video-preview:-1\" \/>\n<meta property=\"og:locale\" content=\"pl_PL\" \/>\n<meta property=\"og:type\" content=\"article\" \/>\n<meta property=\"og:title\" content=\"Stormschade aan uw caravan of camper?\" \/>\n<meta property=\"og:description\" content=\"Stormschade aan uw caravan of camper? CaravanRepair help u direct, professioneel en vakkundig. Wij nemen alle zorg voor u uit handen.\" \/>\n<meta property=\"og:url\" content=\"https:\/\/oud.caravanrepair.eu\/pl\/uszkodzenie-kampera-lub-przyczepy-kempingowej\/uszkodzenia-kampera-lub-przyczepy-kempingowej-przez-burze\/\" \/>\n<meta property=\"og:site_name\" content=\"CaravanRepair\u00ae\" \/>\n<meta property=\"article:published_time\" content=\"2023-10-03T16:40:39+00:00\" \/>\n<meta property=\"article:modified_time\" content=\"2025-09-10T09:10:36+00:00\" \/>\n<meta property=\"og:image\" content=\"https:\/\/oud.caravanrepair.eu\/wp-content\/uploads\/2019\/01\/caravanschade-1.jpg\" \/>\n\t<meta property=\"og:image:width\" content=\"726\" \/>\n\t<meta property=\"og:image:height\" content=\"484\" \/>\n\t<meta property=\"og:image:type\" content=\"image\/jpeg\" \/>\n<meta name=\"author\" content=\"robin\" \/>\n<meta name=\"twitter:card\" content=\"summary_large_image\" \/>\n<meta name=\"twitter:label1\" content=\"Napisane przez\" \/>\n\t<meta name=\"twitter:data1\" content=\"robin\" \/>\n\t<meta name=\"twitter:label2\" content=\"Szacowany czas czytania\" \/>\n\t<meta name=\"twitter:data2\" content=\"2 minuty\" \/>\n<script type=\"application\/ld+json\" class=\"yoast-schema-graph\">{\"@context\":\"https:\\\/\\\/schema.org\",\"@graph\":[{\"@type\":\"Article\",\"@id\":\"https:\\\/\\\/oud.caravanrepair.eu\\\/schade-aan-camper-of-caravan\\\/stormschade-aan-uw-caravan-of-camper\\\/#article\",\"isPartOf\":{\"@id\":\"https:\\\/\\\/oud.caravanrepair.eu\\\/schade-aan-camper-of-caravan\\\/stormschade-aan-uw-caravan-of-camper\\\/\"},\"author\":{\"name\":\"robin\",\"@id\":\"https:\\\/\\\/oud.caravanrepair.eu\\\/#\\\/schema\\\/person\\\/3d6951fb909de71414ea25dc46e82b07\"},\"headline\":\"Stormschade aan uw caravan of camper?\",\"datePublished\":\"2023-10-03T16:40:39+00:00\",\"dateModified\":\"2025-09-10T09:10:36+00:00\",\"mainEntityOfPage\":{\"@id\":\"https:\\\/\\\/oud.caravanrepair.eu\\\/schade-aan-camper-of-caravan\\\/stormschade-aan-uw-caravan-of-camper\\\/\"},\"wordCount\":511,\"publisher\":{\"@id\":\"https:\\\/\\\/oud.caravanrepair.eu\\\/#organization\"},\"image\":{\"@id\":\"https:\\\/\\\/oud.caravanrepair.eu\\\/schade-aan-camper-of-caravan\\\/stormschade-aan-uw-caravan-of-camper\\\/#primaryimage\"},\"thumbnailUrl\":\"https:\\\/\\\/oud.caravanrepair.eu\\\/wp-content\\\/uploads\\\/2019\\\/01\\\/caravanschade-1.jpg\",\"articleSection\":[\"Schade aan camper of caravan\"],\"inLanguage\":\"pl-PL\"},{\"@type\":\"WebPage\",\"@id\":\"https:\\\/\\\/oud.caravanrepair.eu\\\/schade-aan-camper-of-caravan\\\/stormschade-aan-uw-caravan-of-camper\\\/\",\"url\":\"https:\\\/\\\/oud.caravanrepair.eu\\\/schade-aan-camper-of-caravan\\\/stormschade-aan-uw-caravan-of-camper\\\/\",\"name\":\"Stormschade caravan.\",\"isPartOf\":{\"@id\":\"https:\\\/\\\/oud.caravanrepair.eu\\\/#website\"},\"primaryImageOfPage\":{\"@id\":\"https:\\\/\\\/oud.caravanrepair.eu\\\/schade-aan-camper-of-caravan\\\/stormschade-aan-uw-caravan-of-camper\\\/#primaryimage\"},\"image\":{\"@id\":\"https:\\\/\\\/oud.caravanrepair.eu\\\/schade-aan-camper-of-caravan\\\/stormschade-aan-uw-caravan-of-camper\\\/#primaryimage\"},\"thumbnailUrl\":\"https:\\\/\\\/oud.caravanrepair.eu\\\/wp-content\\\/uploads\\\/2019\\\/01\\\/caravanschade-1.jpg\",\"datePublished\":\"2023-10-03T16:40:39+00:00\",\"dateModified\":\"2025-09-10T09:10:36+00:00\",\"description\":\"Stormschade aan uw caravan of camper? CaravanRepair help u direct, professioneel en vakkundig. Wij nemen alle zorg voor u uit handen.\",\"breadcrumb\":{\"@id\":\"https:\\\/\\\/oud.caravanrepair.eu\\\/schade-aan-camper-of-caravan\\\/stormschade-aan-uw-caravan-of-camper\\\/#breadcrumb\"},\"inLanguage\":\"pl-PL\",\"potentialAction\":[{\"@type\":\"ReadAction\",\"target\":[\"https:\\\/\\\/oud.caravanrepair.eu\\\/schade-aan-camper-of-caravan\\\/stormschade-aan-uw-caravan-of-camper\\\/\"]}]},{\"@type\":\"ImageObject\",\"inLanguage\":\"pl-PL\",\"@id\":\"https:\\\/\\\/oud.caravanrepair.eu\\\/schade-aan-camper-of-caravan\\\/stormschade-aan-uw-caravan-of-camper\\\/#primaryimage\",\"url\":\"https:\\\/\\\/oud.caravanrepair.eu\\\/wp-content\\\/uploads\\\/2019\\\/01\\\/caravanschade-1.jpg\",\"contentUrl\":\"https:\\\/\\\/oud.caravanrepair.eu\\\/wp-content\\\/uploads\\\/2019\\\/01\\\/caravanschade-1.jpg\",\"width\":726,\"height\":484,\"caption\":\"Uszkodzenie przodu przyczepy kempingowej\"},{\"@type\":\"BreadcrumbList\",\"@id\":\"https:\\\/\\\/oud.caravanrepair.eu\\\/schade-aan-camper-of-caravan\\\/stormschade-aan-uw-caravan-of-camper\\\/#breadcrumb\",\"itemListElement\":[{\"@type\":\"ListItem\",\"position\":1,\"name\":\"Home\",\"item\":\"https:\\\/\\\/oud.caravanrepair.eu\\\/\"},{\"@type\":\"ListItem\",\"position\":2,\"name\":\"Schade aan camper of caravan\",\"item\":\"https:\\\/\\\/oud.caravanrepair.eu\\\/category\\\/schade-aan-camper-of-caravan\\\/\"},{\"@type\":\"ListItem\",\"position\":3,\"name\":\"Stormschade aan uw caravan of camper?\"}]},{\"@type\":\"WebSite\",\"@id\":\"https:\\\/\\\/oud.caravanrepair.eu\\\/#website\",\"url\":\"https:\\\/\\\/oud.caravanrepair.eu\\\/\",\"name\":\"CaravanRepair\u00ae\",\"description\":\"Professioneel schadeherstel voor caravan en camper\",\"publisher\":{\"@id\":\"https:\\\/\\\/oud.caravanrepair.eu\\\/#organization\"},\"potentialAction\":[{\"@type\":\"SearchAction\",\"target\":{\"@type\":\"EntryPoint\",\"urlTemplate\":\"https:\\\/\\\/oud.caravanrepair.eu\\\/?s={search_term_string}\"},\"query-input\":{\"@type\":\"PropertyValueSpecification\",\"valueRequired\":true,\"valueName\":\"search_term_string\"}}],\"inLanguage\":\"pl-PL\"},{\"@type\":\"Organization\",\"@id\":\"https:\\\/\\\/oud.caravanrepair.eu\\\/#organization\",\"name\":\"CaravanRepair\u00ae\",\"url\":\"https:\\\/\\\/oud.caravanrepair.eu\\\/\",\"logo\":{\"@type\":\"ImageObject\",\"inLanguage\":\"pl-PL\",\"@id\":\"https:\\\/\\\/oud.caravanrepair.eu\\\/#\\\/schema\\\/logo\\\/image\\\/\",\"url\":\"https:\\\/\\\/oud.caravanrepair.eu\\\/wp-content\\\/uploads\\\/2019\\\/01\\\/logo-caravanrepair.png\",\"contentUrl\":\"https:\\\/\\\/oud.caravanrepair.eu\\\/wp-content\\\/uploads\\\/2019\\\/01\\\/logo-caravanrepair.png\",\"width\":353,\"height\":150,\"caption\":\"CaravanRepair\u00ae\"},\"image\":{\"@id\":\"https:\\\/\\\/oud.caravanrepair.eu\\\/#\\\/schema\\\/logo\\\/image\\\/\"}},{\"@type\":\"Person\",\"@id\":\"https:\\\/\\\/oud.caravanrepair.eu\\\/#\\\/schema\\\/person\\\/3d6951fb909de71414ea25dc46e82b07\",\"name\":\"robin\"}]}<\/script>\n<!-- \/ Yoast SEO Premium plugin. -->","yoast_head_json":{"title":"Karawana uszkodzona przez burz\u0119.","description":"Uszkodzenia spowodowane burz\u0105 w Twojej przyczepie kempingowej lub kamperze? CaravanRepair pomo\u017ce Ci natychmiast, profesjonalnie i fachowo. Zadbamy o wszystko za Ciebie.","robots":{"index":"noindex","follow":"follow","max-snippet":"max-snippet:-1","max-image-preview":"max-image-preview:large","max-video-preview":"max-video-preview:-1"},"og_locale":"pl_PL","og_type":"article","og_title":"Stormschade aan uw caravan of camper?","og_description":"Stormschade aan uw caravan of camper? CaravanRepair help u direct, professioneel en vakkundig. Wij nemen alle zorg voor u uit handen.","og_url":"https:\/\/oud.caravanrepair.eu\/pl\/uszkodzenie-kampera-lub-przyczepy-kempingowej\/uszkodzenia-kampera-lub-przyczepy-kempingowej-przez-burze\/","og_site_name":"CaravanRepair\u00ae","article_published_time":"2023-10-03T16:40:39+00:00","article_modified_time":"2025-09-10T09:10:36+00:00","og_image":[{"width":726,"height":484,"url":"https:\/\/oud.caravanrepair.eu\/wp-content\/uploads\/2019\/01\/caravanschade-1.jpg","type":"image\/jpeg"}],"author":"robin","twitter_card":"summary_large_image","twitter_misc":{"Napisane przez":"robin","Szacowany czas czytania":"2 minuty"},"schema":{"@context":"https:\/\/schema.org","@graph":[{"@type":"Article","@id":"https:\/\/oud.caravanrepair.eu\/schade-aan-camper-of-caravan\/stormschade-aan-uw-caravan-of-camper\/#article","isPartOf":{"@id":"https:\/\/oud.caravanrepair.eu\/schade-aan-camper-of-caravan\/stormschade-aan-uw-caravan-of-camper\/"},"author":{"name":"robin","@id":"https:\/\/oud.caravanrepair.eu\/#\/schema\/person\/3d6951fb909de71414ea25dc46e82b07"},"headline":"Stormschade aan uw caravan of camper?","datePublished":"2023-10-03T16:40:39+00:00","dateModified":"2025-09-10T09:10:36+00:00","mainEntityOfPage":{"@id":"https:\/\/oud.caravanrepair.eu\/schade-aan-camper-of-caravan\/stormschade-aan-uw-caravan-of-camper\/"},"wordCount":511,"publisher":{"@id":"https:\/\/oud.caravanrepair.eu\/#organization"},"image":{"@id":"https:\/\/oud.caravanrepair.eu\/schade-aan-camper-of-caravan\/stormschade-aan-uw-caravan-of-camper\/#primaryimage"},"thumbnailUrl":"https:\/\/oud.caravanrepair.eu\/wp-content\/uploads\/2019\/01\/caravanschade-1.jpg","articleSection":["Schade aan camper of caravan"],"inLanguage":"pl-PL"},{"@type":"WebPage","@id":"https:\/\/oud.caravanrepair.eu\/schade-aan-camper-of-caravan\/stormschade-aan-uw-caravan-of-camper\/","url":"https:\/\/oud.caravanrepair.eu\/schade-aan-camper-of-caravan\/stormschade-aan-uw-caravan-of-camper\/","name":"Karawana uszkodzona przez burz\u0119.","isPartOf":{"@id":"https:\/\/oud.caravanrepair.eu\/#website"},"primaryImageOfPage":{"@id":"https:\/\/oud.caravanrepair.eu\/schade-aan-camper-of-caravan\/stormschade-aan-uw-caravan-of-camper\/#primaryimage"},"image":{"@id":"https:\/\/oud.caravanrepair.eu\/schade-aan-camper-of-caravan\/stormschade-aan-uw-caravan-of-camper\/#primaryimage"},"thumbnailUrl":"https:\/\/oud.caravanrepair.eu\/wp-content\/uploads\/2019\/01\/caravanschade-1.jpg","datePublished":"2023-10-03T16:40:39+00:00","dateModified":"2025-09-10T09:10:36+00:00","description":"Uszkodzenia spowodowane burz\u0105 w Twojej przyczepie kempingowej lub kamperze? CaravanRepair pomo\u017ce Ci natychmiast, profesjonalnie i fachowo. Zadbamy o wszystko za Ciebie.","breadcrumb":{"@id":"https:\/\/oud.caravanrepair.eu\/schade-aan-camper-of-caravan\/stormschade-aan-uw-caravan-of-camper\/#breadcrumb"},"inLanguage":"pl-PL","potentialAction":[{"@type":"ReadAction","target":["https:\/\/oud.caravanrepair.eu\/schade-aan-camper-of-caravan\/stormschade-aan-uw-caravan-of-camper\/"]}]},{"@type":"ImageObject","inLanguage":"pl-PL","@id":"https:\/\/oud.caravanrepair.eu\/schade-aan-camper-of-caravan\/stormschade-aan-uw-caravan-of-camper\/#primaryimage","url":"https:\/\/oud.caravanrepair.eu\/wp-content\/uploads\/2019\/01\/caravanschade-1.jpg","contentUrl":"https:\/\/oud.caravanrepair.eu\/wp-content\/uploads\/2019\/01\/caravanschade-1.jpg","width":726,"height":484,"caption":"Uszkodzenie przodu przyczepy kempingowej"},{"@type":"BreadcrumbList","@id":"https:\/\/oud.caravanrepair.eu\/schade-aan-camper-of-caravan\/stormschade-aan-uw-caravan-of-camper\/#breadcrumb","itemListElement":[{"@type":"ListItem","position":1,"name":"Home","item":"https:\/\/oud.caravanrepair.eu\/"},{"@type":"ListItem","position":2,"name":"Schade aan camper of caravan","item":"https:\/\/oud.caravanrepair.eu\/category\/schade-aan-camper-of-caravan\/"},{"@type":"ListItem","position":3,"name":"Stormschade aan uw caravan of camper?"}]},{"@type":"WebSite","@id":"https:\/\/oud.caravanrepair.eu\/#website","url":"https:\/\/oud.caravanrepair.eu\/","name":"CaravanRepair\u00ae","description":"Profesjonalna naprawa uszkodze\u0144 przyczep kempingowych i kamper\u00f3w","publisher":{"@id":"https:\/\/oud.caravanrepair.eu\/#organization"},"potentialAction":[{"@type":"SearchAction","target":{"@type":"EntryPoint","urlTemplate":"https:\/\/oud.caravanrepair.eu\/?s={search_term_string}"},"query-input":{"@type":"PropertyValueSpecification","valueRequired":true,"valueName":"search_term_string"}}],"inLanguage":"pl-PL"},{"@type":"Organization","@id":"https:\/\/oud.caravanrepair.eu\/#organization","name":"CaravanRepair\u00ae","url":"https:\/\/oud.caravanrepair.eu\/","logo":{"@type":"ImageObject","inLanguage":"pl-PL","@id":"https:\/\/oud.caravanrepair.eu\/#\/schema\/logo\/image\/","url":"https:\/\/oud.caravanrepair.eu\/wp-content\/uploads\/2019\/01\/logo-caravanrepair.png","contentUrl":"https:\/\/oud.caravanrepair.eu\/wp-content\/uploads\/2019\/01\/logo-caravanrepair.png","width":353,"height":150,"caption":"CaravanRepair\u00ae"},"image":{"@id":"https:\/\/oud.caravanrepair.eu\/#\/schema\/logo\/image\/"}},{"@type":"Person","@id":"https:\/\/oud.caravanrepair.eu\/#\/schema\/person\/3d6951fb909de71414ea25dc46e82b07","name":"rudzik"}]}},"_links":{"self":[{"href":"https:\/\/oud.caravanrepair.eu\/pl\/wp-json\/wp\/v2\/posts\/8525","targetHints":{"allow":["GET"]}}],"collection":[{"href":"https:\/\/oud.caravanrepair.eu\/pl\/wp-json\/wp\/v2\/posts"}],"about":[{"href":"https:\/\/oud.caravanrepair.eu\/pl\/wp-json\/wp\/v2\/types\/post"}],"author":[{"embeddable":true,"href":"https:\/\/oud.caravanrepair.eu\/pl\/wp-json\/wp\/v2\/users\/5"}],"replies":[{"embeddable":true,"href":"https:\/\/oud.caravanrepair.eu\/pl\/wp-json\/wp\/v2\/comments?post=8525"}],"version-history":[{"count":0,"href":"https:\/\/oud.caravanrepair.eu\/pl\/wp-json\/wp\/v2\/posts\/8525\/revisions"}],"wp:featuredmedia":[{"embeddable":true,"href":"https:\/\/oud.caravanrepair.eu\/pl\/wp-json\/wp\/v2\/media\/3964"}],"wp:attachment":[{"href":"https:\/\/oud.caravanrepair.eu\/pl\/wp-json\/wp\/v2\/media?parent=8525"}],"wp:term":[{"taxonomy":"category","embeddable":true,"href":"https:\/\/oud.caravanrepair.eu\/pl\/wp-json\/wp\/v2\/categories?post=8525"},{"taxonomy":"post_tag","embeddable":true,"href":"https:\/\/oud.caravanrepair.eu\/pl\/wp-json\/wp\/v2\/tags?post=8525"}],"curies":[{"name":"wp","href":"https:\/\/api.w.org\/{rel}","templated":true}]}}